{"id":26848,"date":"2019-04-08T19:00:00","date_gmt":"2019-04-08T23:00:00","guid":{"rendered":"https:\/\/linitiative.ca\/International\/le-ministre-des-a-e-et-de-la-cooperation-internationale-de-la-sierra-leone-a-alger-renforcer-la-cooperation\/"},"modified":"2019-04-08T19:00:00","modified_gmt":"2019-04-08T23:00:00","slug":"le-ministre-des-a-e-et-de-la-cooperation-internationale-de-la-sierra-leone-a-alger-renforcer-la-cooperation","status":"publish","type":"post","link":"https:\/\/linitiative.ca\/International\/le-ministre-des-a-e-et-de-la-cooperation-internationale-de-la-sierra-leone-a-alger-renforcer-la-cooperation\/","title":{"rendered":"Le ministre des A.E. et de la Coop\u00e9ration internationale de la Sierra Leone \u00e0 Alger :  Renforcer la coop\u00e9ration"},"content":{"rendered":"<p>Le ministre des Affaires \u00e9trang\u00e8res, Sabri Boukadoum et son homologue sierra-l\u00e9onais, Alie Kabba ont soulign\u00e9, hier \u00e0 Alger, la n\u00e9cessit\u00e9 de renforcer les relations entre les deux pays et de les \u00ab\u00e9lever \u00e0 un niveau meilleur\u00bb dans l\u2019int\u00e9r\u00eat des deux pays et contribuer au rapprochement entre les deux peuples. \u00abNous avons convenu de renforcer davantage notre coop\u00e9ration bilat\u00e9rale et d\u2019intensifier la concertation sur les questions r\u00e9gionales et internationales d\u2019int\u00e9r\u00eat commun\u00bb, a d\u00e9clar\u00e9 M. Sabri Boukadoum lors d\u2019une conf\u00e9rence de presse conjointe avec son homologue sierra-l\u00e9onais. \u00a0<br \/>Le chef de la diplomatie alg\u00e9rienne qui s\u2019est f\u00e9licit\u00e9 de la visite en Alg\u00e9rie de M. Alie Kabba, une premi\u00e8re depuis plus de 30 ans pour un ministre sierra-l\u00e9onais des Affaires \u00e9trang\u00e8res, a affirm\u00e9 que celle-ci constitue une \u00abopportunit\u00e9 aux deux pays pour renforcer davantage leur coop\u00e9ration bilat\u00e9rale et se concerter sur les questions r\u00e9gionales et internationales d\u2019int\u00e9r\u00eat commun\u00bb Les entretiens entre les deux parties, a-t-il poursuivi, ont permis d\u2019aborder plusieurs volets de la coop\u00e9ration bilat\u00e9rale et d\u2019examiner la situation dans la r\u00e9gion, notamment en Libye, au Mali, au Sahel et au Sahara occidental.<br \/>Les entretiens ont \u00e9t\u00e9 \u00e9galement l\u2019occasion d\u2019\u00e9voquer le fl\u00e9au du terrorisme et du trafic de tous genres, selon le ministre qui a affirm\u00e9 que la rencontre a \u00e9t\u00e9 l\u2019occasion de \u00abcoordonner les positions entre les deux pays que ce soit au sein de l\u2019Union africaine (UA) ou au sein des Nations unies\u00bb.\u00a0 Le ministre des Affaires \u00e9trang\u00e8res a rappel\u00e9, \u00e0 l\u2019occasion, que le Sierra L\u00e9one, Etat membre de l\u2019UA, assure la coordination du Comit\u00e9 des Dix. Ce Comit\u00e9 est l\u2019organe de l\u2019UA charg\u00e9 de promouvoir la position africaine commune sur le dossier de la r\u00e9forme du Conseil de s\u00e9curit\u00e9 des Nations unies, un dossier dont l\u2019importance se fait de plus en plus ressentir dans les relations internationales.<br \/>\u00abC\u2019est une question tr\u00e8s importante. C\u2019est une question qui hypoth\u00e8que notre avenir, et on doit faire ce travail ensemble\u00bb, a-t-il ajout\u00e9, relevant l\u2019existence de \u00abconvergence de vues\u00bb entre les deux pays. \u00abNous n\u2019avons aucun \u00e9l\u00e9ment de d\u00e9saccord\u00bb, a-t-il soutenu. M. Sabri Boukadoum a annonc\u00e9, en outre, la tenue avant la fin de l\u2019ann\u00e9e 2019, de la troisi\u00e8me commission mixte alg\u00e9ro-sierra-l\u00e9onaise, soulignant que les deux parties ont convenu de finaliser les projets d\u2019accord dans divers domaines, notamment dans le secteur de l\u2019\u00e9nergie. Huit projets d\u2019accord dans plusieurs domaines tel que le Tourisme, les Mines et l\u2019Education sont, en effet, en cours de finalisation. Le nouveau ministre des Affaires \u00e9trang\u00e8res a affirm\u00e9, par ailleurs, que la \u00abdiplomatie alg\u00e9rienne reste active et \u00abpoursuivra sa mission, malgr\u00e9 la situation que vit le pays.\u00bb Le ministre des Affaires \u00e9trang\u00e8res de la Sierra Leone, Alie Kabba a exprim\u00e9 pour sa part, son souhait de voir les deux pays hisser leurs relations bilat\u00e9rales \u00e0 un niveau \u00ab\u00e0 m\u00eame de r\u00e9pondre aux exigences de la conjoncture actuelle en termes de concertation continue et de coordination\u00bb. Il a fait part, en outre, de sa volont\u00e9 d\u2019\u0153uvrer pour l\u2019\u00e9largissement des domaines de coop\u00e9ration entre les deux pays, et pour encourager les relations entre les deux peuples. Evoquant le r\u00f4le de son pays au sein du Comit\u00e9 des Dix, il a assur\u00e9 que son pays \u0153uvrera pour \u00abla r\u00e9paration de l\u2019injustice historique faite \u00e0 l\u2019Afrique\u00bb en termes de sous-repr\u00e9sentation dans les organes onusiens.\u00a0 Il a salu\u00e9, \u00e0 l\u2019occasion, la participation de l\u2019Alg\u00e9rie \u00e0 la r\u00e9union minist\u00e9rielle du Comit\u00e9 des Dix chefs d\u2019Etat et de Gouvernement de l\u2019Union africaine (UA) sur la r\u00e9forme du Conseil de s\u00e9curit\u00e9 des Nations unies (C-10), organis\u00e9e en d\u00e9cembre dernier \u00e0 Freetown (Sierra Leone). Le ministre sierra-l\u00e9onais a salu\u00e9 \u00e9galement les efforts d\u00e9ploy\u00e9s par l\u2019Alg\u00e9rie pour le d\u00e9veloppement en Afrique et pour l\u2019instauration de la paix et de la s\u00e9curit\u00e9 sur le continent, rendant un hommage particulier \u00e0 son r\u00f4le au sein du Conseil paix et s\u00e9curit\u00e9 de l\u2019UA, pr\u00e9sid\u00e9 par l\u2019Alg\u00e9rien, Smail Chergui.<br \/>Le ministre des Affaires \u00e9trang\u00e8res, Sabri Boukadoum et son homologue sierra-l\u00e9onais, Alie Kabba ont proc\u00e9d\u00e9, en marge des entretiens, \u00e0 la signature d\u2019un m\u00e9morandum d\u2019entente sur les consultations politiques et d\u2019une feuille de route \u00e9tablissant les priorit\u00e9s de coop\u00e9ration entre les deux pays pour 2019.<br \/>Le ministre des Affaires \u00e9trang\u00e8res de la Sierra Leone, Alie Kabba est arriv\u00e9 lundi \u00e0 Alger pour une visite officielle de deux jours. Cette visite qui s\u2019inscrit dans le cadre des relations d\u2019amiti\u00e9 qui lient les deux pays, avait indiqu\u00e9 le minist\u00e8re des Affaires \u00e9trang\u00e8res dans un communiqu\u00e9.<\/p>\n<p>Auteur: elmoudjahid<br \/>\n<a href=\"http:\/\/www.elmoudjahid.com\/fr\/actualites\/135656\">Cliquez ici pour lire l&rsquo;article depuis sa source.<\/a><\/p>\n","protected":false},"excerpt":{"rendered":"<p>Le ministre des Affaires \u00e9trang\u00e8res, Sabri Boukadoum et son homologue sierra-l\u00e9onais, Alie Kabba ont soulign\u00e9, hier \u00e0 Alger, la n\u00e9cessit\u00e9 de renforcer les relations entre les deux pays et de les \u00ab\u00e9lever \u00e0 un niveau meilleur\u00bb dans l\u2019int\u00e9r\u00eat des deux pays et contribuer au rapprochement entre les deux peuples. \u00abNous avons convenu de renforcer davantage [&hellip;]<\/p>\n","protected":false},"author":1744,"featured_media":0,"comment_status":"closed","ping_status":"closed","sticky":false,"template":"","format":"standard","meta":{"fifu_image_url":"","fifu_image_alt":"","footnotes":""},"categories":[73,53],"tags":[],"class_list":["post-26848","post","type-post","status-publish","format-standard","hentry","category-actualite","category-algerie"],"_links":{"self":[{"href":"https:\/\/linitiative.ca\/International\/wp-json\/wp\/v2\/posts\/26848","targetHints":{"allow":["GET"]}}],"collection":[{"href":"https:\/\/linitiative.ca\/International\/wp-json\/wp\/v2\/posts"}],"about":[{"href":"https:\/\/linitiative.ca\/International\/wp-json\/wp\/v2\/types\/post"}],"author":[{"embeddable":true,"href":"https:\/\/linitiative.ca\/International\/wp-json\/wp\/v2\/users\/1744"}],"replies":[{"embeddable":true,"href":"https:\/\/linitiative.ca\/International\/wp-json\/wp\/v2\/comments?post=26848"}],"version-history":[{"count":0,"href":"https:\/\/linitiative.ca\/International\/wp-json\/wp\/v2\/posts\/26848\/revisions"}],"wp:attachment":[{"href":"https:\/\/linitiative.ca\/International\/wp-json\/wp\/v2\/media?parent=26848"}],"wp:term":[{"taxonomy":"category","embeddable":true,"href":"https:\/\/linitiative.ca\/International\/wp-json\/wp\/v2\/categories?post=26848"},{"taxonomy":"post_tag","embeddable":true,"href":"https:\/\/linitiative.ca\/International\/wp-json\/wp\/v2\/tags?post=26848"}],"curies":[{"name":"wp","href":"https:\/\/api.w.org\/{rel}","templated":true}]}}