{"id":26849,"date":"2019-04-08T19:00:00","date_gmt":"2019-04-08T23:00:00","guid":{"rendered":"https:\/\/linitiative.ca\/International\/tizi-ouzou-plus-de-6-500-logements-squattes-liberes\/"},"modified":"2019-04-08T19:00:00","modified_gmt":"2019-04-08T23:00:00","slug":"tizi-ouzou-plus-de-6-500-logements-squattes-liberes","status":"publish","type":"post","link":"https:\/\/linitiative.ca\/International\/tizi-ouzou-plus-de-6-500-logements-squattes-liberes\/","title":{"rendered":"Tizi-Ouzou : Plus de 6.500 logements squatt\u00e9s lib\u00e9r\u00e9s"},"content":{"rendered":"<p>6.730 logements sociaux occup\u00e9s par des squatteurs ont \u00e9t\u00e9 lib\u00e9r\u00e9s par la force publique\u00a0 r\u00e9quisitionn\u00e9e par les autorit\u00e9s de la wilaya. Le squat de ces logements sociaux en cours de r\u00e9alisation dans les da\u00efras de Tizi-Ouzou, Dra\u00e2 Ben Khedda, Dra\u00e2 El Mizan, Boghni a eu lieu durant les nuits de jeudi, vendredi et samedi derniers. L\u2019\u00e9vacuation des squatteurs a eu lieu suite au recours \u00e0 la force publique et \u00e0 l&rsquo;attitude remarquable de nombreux citoyens qui ont condamn\u00e9 vivement cet acte, a indiqu\u00e9 hier le cabinet du wali post\u00e9 sur la page Facebook de la wilaya. \u00abL&rsquo;op\u00e9ration d&rsquo;\u00e9vacuation qui a beaucoup agr\u00e9\u00e9e aux populations de la wilaya, s&rsquo;est d\u00e9roul\u00e9e dans d&rsquo;excellentes conditions\u00bb, lit-on dans ce m\u00eame post. 3.210 logements sociaux ont fait l\u2019objet du squat au niveau du p\u00f4le d\u2019excellence et de la zone de d\u00e9p\u00f4t dans la commune de Tizi-Ouzou, 1.380 logements dans celle de Draa Ben Khedda, 1.000 au niveau du village Tamda (Ouagnoune), faut-il rappeler. Ces tentatives d\u2019occuper ill\u00e9galement des logements sociaux ont \u00e9t\u00e9 perp\u00e9tr\u00e9es par des personnes sans scrupules ayant profit\u00e9 de la mobilisation des services de s\u00e9curit\u00e9 dans la s\u00e9curisation des manifestants en cours dans la wilaya, ont d\u00e9nonc\u00e9 les \u00e9diles des communes touch\u00e9es par ces actes.<br \/>Bel.Adrar<br \/>\u00a0<\/p>\n<p>Auteur: elmoudjahid<br \/>\n<a href=\"http:\/\/www.elmoudjahid.com\/fr\/actualites\/135657\">Cliquez ici pour lire l&rsquo;article depuis sa source.<\/a><\/p>\n","protected":false},"excerpt":{"rendered":"<p>6.730 logements sociaux occup\u00e9s par des squatteurs ont \u00e9t\u00e9 lib\u00e9r\u00e9s par la force publique\u00a0 r\u00e9quisitionn\u00e9e par les autorit\u00e9s de la wilaya. Le squat de ces logements sociaux en cours de r\u00e9alisation dans les da\u00efras de Tizi-Ouzou, Dra\u00e2 Ben Khedda, Dra\u00e2 El Mizan, Boghni a eu lieu durant les nuits de jeudi, vendredi et samedi derniers. [&hellip;]<\/p>\n","protected":false},"author":1744,"featured_media":0,"comment_status":"closed","ping_status":"closed","sticky":false,"template":"","format":"standard","meta":{"fifu_image_url":"","fifu_image_alt":"","footnotes":""},"categories":[73,53],"tags":[],"class_list":["post-26849","post","type-post","status-publish","format-standard","hentry","category-actualite","category-algerie"],"_links":{"self":[{"href":"https:\/\/linitiative.ca\/International\/wp-json\/wp\/v2\/posts\/26849","targetHints":{"allow":["GET"]}}],"collection":[{"href":"https:\/\/linitiative.ca\/International\/wp-json\/wp\/v2\/posts"}],"about":[{"href":"https:\/\/linitiative.ca\/International\/wp-json\/wp\/v2\/types\/post"}],"author":[{"embeddable":true,"href":"https:\/\/linitiative.ca\/International\/wp-json\/wp\/v2\/users\/1744"}],"replies":[{"embeddable":true,"href":"https:\/\/linitiative.ca\/International\/wp-json\/wp\/v2\/comments?post=26849"}],"version-history":[{"count":0,"href":"https:\/\/linitiative.ca\/International\/wp-json\/wp\/v2\/posts\/26849\/revisions"}],"wp:attachment":[{"href":"https:\/\/linitiative.ca\/International\/wp-json\/wp\/v2\/media?parent=26849"}],"wp:term":[{"taxonomy":"category","embeddable":true,"href":"https:\/\/linitiative.ca\/International\/wp-json\/wp\/v2\/categories?post=26849"},{"taxonomy":"post_tag","embeddable":true,"href":"https:\/\/linitiative.ca\/International\/wp-json\/wp\/v2\/tags?post=26849"}],"curies":[{"name":"wp","href":"https:\/\/api.w.org\/{rel}","templated":true}]}}