{"id":26850,"date":"2019-04-08T19:00:00","date_gmt":"2019-04-08T23:00:00","guid":{"rendered":"https:\/\/linitiative.ca\/International\/m-gaid-salah-en-visite-de-travail-et-dinspection-dans-la-2e-rm\/"},"modified":"2019-04-08T19:00:00","modified_gmt":"2019-04-08T23:00:00","slug":"m-gaid-salah-en-visite-de-travail-et-dinspection-dans-la-2e-rm","status":"publish","type":"post","link":"https:\/\/linitiative.ca\/International\/m-gaid-salah-en-visite-de-travail-et-dinspection-dans-la-2e-rm\/","title":{"rendered":"M. Ga\u00efd Salah en visite  de travail et d\u2019inspection dans la 2e RM"},"content":{"rendered":"<p><strong>Le vice-ministre de la D\u00e9fense nationale, chef d\u2019Etat-major de l\u2019Arm\u00e9e nationale populaire (ANP),\u00a0\u00a0 le g\u00e9n\u00e9ral de Corps d\u2019arm\u00e9e, Ahmed Ga\u00efd Salah, a entam\u00e9 hier, une visite de travail et d\u2019inspection aux unit\u00e9s\u00a0 de la 2e R\u00e9gion militaire (Oran),\u00a0 a indiqu\u00e9 un communiqu\u00e9 du minist\u00e8re de la D\u00e9fense nationale (MDN).<\/strong><\/p>\n<p>Le g\u00e9n\u00e9ral de Corps d\u2019arm\u00e9e a entam\u00e9 cette visite de travail et d\u2019inspection, dans le cadre du suivi de l\u2019\u00e9tat d\u2019avancement de l\u2019ex\u00e9cution du programme de pr\u00e9paration au combat pour l\u2019ann\u00e9e 2018-2019, \u00e0 travers l\u2019ensemble des unit\u00e9s de l\u2019ANP et dans toutes les R\u00e9gions militaires, a pr\u00e9cis\u00e9 la m\u00eame source. Il supervisera aujourd\u2019hui l\u2019ex\u00e9cution d\u2019un exercice d\u00e9monstratif avec munitions r\u00e9elles, qui sera ex\u00e9cut\u00e9 par des unit\u00e9s relevant des Forces terrestres et a\u00e9riennes, en vu d\u2019\u00e9valuer la deuxi\u00e8me phase du programme de pr\u00e9paration au combat 2018\/2019, a ajout\u00e9 la m\u00eame source, relevant qu&rsquo;il pr\u00e9sidera \u00e9galement une rencontre d\u2019orientation avec les cadres et les personnels de la R\u00e9gion et inspectera plusieurs unit\u00e9s. A la Base a\u00e9rienne de Bousfer, et \u00e0 l\u2019issue de la c\u00e9r\u00e9monie d\u2019accueil, en compagnie du g\u00e9n\u00e9ral-major Meftah Souab, commandant de la 2e RM, le g\u00e9n\u00e9ral de Corps d\u2019arm\u00e9e a soulign\u00e9, devant les cadres de la R\u00e9gion, que sa pr\u00e9sence, en personne, pour assister \u00e0 ce genre d\u2019exercice d\u00e9monstratif avec munitions r\u00e9elles, \u00abd\u00e9coule de l\u2019int\u00e9r\u00eat extr\u00eame qu\u2019il porte au suivi du degr\u00e9 d\u2019ex\u00e9cution des programmes annuels trac\u00e9s, ainsi qu\u2019\u00e0 l\u2019\u00e9valuation sur le terrain du degr\u00e9 de disponibilit\u00e9 op\u00e9rationnelle atteint par les unit\u00e9s de l\u2019ANP et dont on peut r\u00e9ellement \u00eatre fier\u00bb.<br \/>\u00a0<\/p>\n<p>Auteur: elmoudjahid<br \/>\n<a href=\"http:\/\/www.elmoudjahid.com\/fr\/actualites\/135658\">Cliquez ici pour lire l&rsquo;article depuis sa source.<\/a><\/p>\n","protected":false},"excerpt":{"rendered":"<p>Le vice-ministre de la D\u00e9fense nationale, chef d\u2019Etat-major de l\u2019Arm\u00e9e nationale populaire (ANP),\u00a0\u00a0 le g\u00e9n\u00e9ral de Corps d\u2019arm\u00e9e, Ahmed Ga\u00efd Salah, a entam\u00e9 hier, une visite de travail et d\u2019inspection aux unit\u00e9s\u00a0 de la 2e R\u00e9gion militaire (Oran),\u00a0 a indiqu\u00e9 un communiqu\u00e9 du minist\u00e8re de la D\u00e9fense nationale (MDN). Le g\u00e9n\u00e9ral de Corps d\u2019arm\u00e9e a [&hellip;]<\/p>\n","protected":false},"author":1744,"featured_media":0,"comment_status":"closed","ping_status":"closed","sticky":false,"template":"","format":"standard","meta":{"fifu_image_url":"","fifu_image_alt":"","footnotes":""},"categories":[73,53],"tags":[],"class_list":["post-26850","post","type-post","status-publish","format-standard","hentry","category-actualite","category-algerie"],"_links":{"self":[{"href":"https:\/\/linitiative.ca\/International\/wp-json\/wp\/v2\/posts\/26850","targetHints":{"allow":["GET"]}}],"collection":[{"href":"https:\/\/linitiative.ca\/International\/wp-json\/wp\/v2\/posts"}],"about":[{"href":"https:\/\/linitiative.ca\/International\/wp-json\/wp\/v2\/types\/post"}],"author":[{"embeddable":true,"href":"https:\/\/linitiative.ca\/International\/wp-json\/wp\/v2\/users\/1744"}],"replies":[{"embeddable":true,"href":"https:\/\/linitiative.ca\/International\/wp-json\/wp\/v2\/comments?post=26850"}],"version-history":[{"count":0,"href":"https:\/\/linitiative.ca\/International\/wp-json\/wp\/v2\/posts\/26850\/revisions"}],"wp:attachment":[{"href":"https:\/\/linitiative.ca\/International\/wp-json\/wp\/v2\/media?parent=26850"}],"wp:term":[{"taxonomy":"category","embeddable":true,"href":"https:\/\/linitiative.ca\/International\/wp-json\/wp\/v2\/categories?post=26850"},{"taxonomy":"post_tag","embeddable":true,"href":"https:\/\/linitiative.ca\/International\/wp-json\/wp\/v2\/tags?post=26850"}],"curies":[{"name":"wp","href":"https:\/\/api.w.org\/{rel}","templated":true}]}}