{"id":26851,"date":"2019-04-09T10:50:00","date_gmt":"2019-04-09T14:50:00","guid":{"rendered":"https:\/\/linitiative.ca\/International\/le-parlement-prend-acte-de-la-vacance-du-poste-du-president-de-la-republique-bensalah-chef-detat\/"},"modified":"2019-04-09T10:50:00","modified_gmt":"2019-04-09T14:50:00","slug":"le-parlement-prend-acte-de-la-vacance-du-poste-du-president-de-la-republique-bensalah-chef-detat","status":"publish","type":"post","link":"https:\/\/linitiative.ca\/International\/le-parlement-prend-acte-de-la-vacance-du-poste-du-president-de-la-republique-bensalah-chef-detat\/","title":{"rendered":"Le Parlement prend acte de la vacance du poste du pr\u00e9sident de la R\u00e9publique, Bensalah chef d&rsquo;Etat"},"content":{"rendered":"<p>Le Parlement, r\u00e9uni en ses deux Chambres (Conseil de la Nation et l&rsquo;Assembl\u00e9e populaire nationale), mardi \u00e0 Alger, a pris acte de la d\u00e9claration de vacance d\u00e9finitive du poste de pr\u00e9sident de la R\u00e9publique, \u00e0 la suite de la d\u00e9mission de Abdelaziz Bouteflika.<\/p>\n<p>Le pr\u00e9sident du Conseil de la Nation, Abdelkader Bensalah, assume de fait le poste de Chef de l&rsquo;Etat pour une dur\u00e9e de quatre-vingt-dix (90) jours au maximum, conform\u00e9ment aux dispositions de l&rsquo;article 102 de la Constitution.<\/p>\n<p>Le rapport adopt\u00e9, comporte la d\u00e9claration du Conseil constitutionnelle relative \u00e0 la vacance d\u00e9finitive du poste de pr\u00e9sident de la R\u00e9publique.<\/p>\n<p>La r\u00e9union du Parlement intervient dans un contexte marqu\u00e9 par la d\u00e9mission des parlementaires du Front des forces socialistes (FFS) et le Parti des travailleurs (PT), dans le sillage du mouvement populaire qui dure depuis le 22 f\u00e9vrier dernier.<\/p>\n<p>D&rsquo;autres formations politiques ont d\u00e9cid\u00e9 de boycotter cette r\u00e9union, \u00e0 l&rsquo;instar du Mouvement pour la soci\u00e9t\u00e9 de la paix (MSP), le Front alg\u00e9rien pour le d\u00e9veloppement, la libert\u00e9 et la justice (FADLJ) et le Rassemblement pour la culture et la d\u00e9mocratie (RCD).<\/p>\n<p>Le Pr\u00e9sident du Conseil de la Nation assume la charge de Chef de l&rsquo;Etat pour une dur\u00e9e de 90 jours au maximum, au cours de laquelle des \u00e9lections pr\u00e9sidentielles sont organis\u00e9es, sachant que le Chef de l&rsquo;Etat, ainsi d\u00e9sign\u00e9, ne peut pas \u00eatre candidat \u00e0 la Pr\u00e9sidence de la R\u00e9publique.<\/p>\n<p>Selon les dispositions de ces articles, le Chef de l&rsquo;Etat ne dispose pas de pr\u00e9rogatives du Pr\u00e9sident de la R\u00e9publique, notamment en mati\u00e8re de nomination de membres de gouvernement, de droit de gr\u00e2ce, de remise ou de commutation de peine, ou de saisir, sur toute question d&rsquo;importance nationale, le peuple par voie de r\u00e9f\u00e9rendum.<\/p>\n<p>Il ne dispose pas \u00e9galement des pr\u00e9rogatives relatives \u00e0 la dissolution de l&rsquo;Assembl\u00e9e populaire nationale, la tenue d&rsquo;\u00e9lections l\u00e9gislatives anticip\u00e9es ou la r\u00e9vision constitutionnelle.<\/p>\n<p>Pendant ces m\u00eames p\u00e9riodes, les dispositions des articles 105, 107, 108, 109 et 111 de la Constitution ne peuvent \u00eatre mises en \u0153uvre qu&rsquo;avec l&rsquo;approbation du Parlement si\u00e9geant en chambres r\u00e9unies, le Conseil constitutionnel et le Haut Conseil de S\u00e9curit\u00e9 pr\u00e9alablement consult\u00e9s.<\/p>\n<p>Ces dispositions concernent la d\u00e9claration de l&rsquo;\u00e9tat d&rsquo;urgence, l&rsquo;\u00e9tat de si\u00e8ge, l&rsquo;\u00e9tat d&rsquo;exception, la d\u00e9claration de guerre en cas d&rsquo;agression effective ou imminente, ainsi que la mobilisation g\u00e9n\u00e9rale.<\/p>\n<p>Auteur: elmoudjahid<br \/>\n<a href=\"http:\/\/www.elmoudjahid.com\/fr\/actualites\/135659\">Cliquez ici pour lire l&rsquo;article depuis sa source.<\/a><\/p>\n","protected":false},"excerpt":{"rendered":"<p>Le Parlement, r\u00e9uni en ses deux Chambres (Conseil de la Nation et l&rsquo;Assembl\u00e9e populaire nationale), mardi \u00e0 Alger, a pris acte de la d\u00e9claration de vacance d\u00e9finitive du poste de pr\u00e9sident de la R\u00e9publique, \u00e0 la suite de la d\u00e9mission de Abdelaziz Bouteflika. Le pr\u00e9sident du Conseil de la Nation, Abdelkader Bensalah, assume de fait [&hellip;]<\/p>\n","protected":false},"author":1744,"featured_media":0,"comment_status":"closed","ping_status":"closed","sticky":false,"template":"","format":"standard","meta":{"fifu_image_url":"","fifu_image_alt":"","footnotes":""},"categories":[73,53],"tags":[],"class_list":["post-26851","post","type-post","status-publish","format-standard","hentry","category-actualite","category-algerie"],"_links":{"self":[{"href":"https:\/\/linitiative.ca\/International\/wp-json\/wp\/v2\/posts\/26851","targetHints":{"allow":["GET"]}}],"collection":[{"href":"https:\/\/linitiative.ca\/International\/wp-json\/wp\/v2\/posts"}],"about":[{"href":"https:\/\/linitiative.ca\/International\/wp-json\/wp\/v2\/types\/post"}],"author":[{"embeddable":true,"href":"https:\/\/linitiative.ca\/International\/wp-json\/wp\/v2\/users\/1744"}],"replies":[{"embeddable":true,"href":"https:\/\/linitiative.ca\/International\/wp-json\/wp\/v2\/comments?post=26851"}],"version-history":[{"count":0,"href":"https:\/\/linitiative.ca\/International\/wp-json\/wp\/v2\/posts\/26851\/revisions"}],"wp:attachment":[{"href":"https:\/\/linitiative.ca\/International\/wp-json\/wp\/v2\/media?parent=26851"}],"wp:term":[{"taxonomy":"category","embeddable":true,"href":"https:\/\/linitiative.ca\/International\/wp-json\/wp\/v2\/categories?post=26851"},{"taxonomy":"post_tag","embeddable":true,"href":"https:\/\/linitiative.ca\/International\/wp-json\/wp\/v2\/tags?post=26851"}],"curies":[{"name":"wp","href":"https:\/\/api.w.org\/{rel}","templated":true}]}}