{"id":26860,"date":"2019-04-09T10:48:44","date_gmt":"2019-04-09T14:48:44","guid":{"rendered":"https:\/\/linitiative.ca\/International\/87858-voile-mettre-le-paquet-sur-les-evenements-qualificatifs-aux-jo-2020\/"},"modified":"2019-04-09T10:48:44","modified_gmt":"2019-04-09T14:48:44","slug":"87858-voile-mettre-le-paquet-sur-les-evenements-qualificatifs-aux-jo-2020","status":"publish","type":"post","link":"https:\/\/linitiative.ca\/International\/87858-voile-mettre-le-paquet-sur-les-evenements-qualificatifs-aux-jo-2020\/","title":{"rendered":"Voile: mettre le paquet sur les \u00e9v\u00e8nements qualificatifs aux JO-2020"},"content":{"rendered":"<div>\n<div class=\"K2FeedImage\"><img decoding=\"async\" src=\"http:\/\/www.aps.dz\/media\/k2\/items\/cache\/09c01831b30164a2ac757f68461568af_S.jpg\" alt=\"Voile: mettre le paquet sur les \u00e9v\u00e8nements qualificatifs aux JO-2020\"><\/div>\n<div class=\"K2FeedIntroText\">\n<p>\u00a0<\/p>\n<p><strong>ALGER &#8211; Les Jeux africains de plage et les Championnats d&rsquo;Afrique des s\u00e9ries Laser et RSX, pr\u00e9vus respectivement en juin et octobre 2019, sont les deux plus gros \u00e9v\u00e8nements internationaux inscrits au programme des s\u00e9lections alg\u00e9riennes de voile pour la saison en cours car qualificatifs aux Jeux Olympiques-2020 \u00e0 Tokyo, a indiqu\u00e9 mardi la F\u00e9d\u00e9ration alg\u00e9rienne de la discipline (FAV).<\/strong><\/p>\n<\/div>\n<div class=\"K2FeedFullText\">\n<p>Concernant les Jeux africains de plage, \u00ab\u00a0ce sera la premi\u00e8re \u00e9dition et elle se d\u00e9roulera au Cap-Vert\u00a0\u00bb, a commenc\u00e9 par rappeler Hocine Lali, responsable de l&rsquo;organisation des \u00e9v\u00e8nements internationaux au sein de la FAV, en pr\u00e9cisant que l&rsquo;Alg\u00e9rie compte y participer dans la s\u00e9rie Kitesurf, avec \u00ab\u00a0l&rsquo;espoir de d\u00e9crocher une qualification aux JO de Tokyo\u00a0\u00bb, car s&rsquo;agissant d&rsquo;une discipline olympique.<\/p>\n<p>Pour ce qui est des Championnats d&rsquo;Afrique (Laser\/RSX), ce sera la deuxi\u00e8me \u00e9dition cons\u00e9cutive \u00e0 se d\u00e9rouler \u00e0 Alger, apr\u00e8s celle de 2015 qui avait pr\u00e9c\u00e9d\u00e9 les JO de Rio.<\/p>\n<hr>\n<h3>Lire aussi:\u00a0<a href=\"http:\/\/www.aps.dz\/sport\/87703-voile-saison-2018-les-meilleurs-veliplanchistes-honores-mardi-au-siege-du-coa\" target=\"_blank\" rel=\"noopener noreferrer\">Voile\/saison 2018: les meilleurs v\u00e9liplanchistes honor\u00e9s mardi<\/a><\/h3>\n<hr>\n<blockquote>\n<p><em><strong>\u00ab\u00a0Nous abriterons cette comp\u00e9tition du 6 au 12 octobre 2019 avec l&rsquo;objectif de faire mieux qu&rsquo;en 2015, car cette fois, nous esp\u00e9rons rafler les quatre billets qualificatifs pour les JO et non pas trois\u00a0\u00bb, a assur\u00e9 Lali.<\/strong><\/em><\/p>\n<\/blockquote>\n<p>Outre ces deux grands \u00e9v\u00e8nements, la voile alg\u00e9rienne sera concern\u00e9e par d&rsquo;autres comp\u00e9titions internationales, dont certaines se d\u00e9rouleront \u00e0 domicile, notamment le meeting de la s\u00e9rie Bic-Techno pour les jeunes de moins de 15 ans.<\/p>\n<p>\u00ab\u00a0La pr\u00e9c\u00e9dente \u00e9dition s&rsquo;\u00e9tait d\u00e9roul\u00e9e \u00e0 Mostaganem, et cette ann\u00e9e, nous avons d\u00e9cid\u00e9 de l&rsquo;organiser \u00e0 Tipasa. Ce sera au d\u00e9but du mois de septembre et la comp\u00e9tition devrait drainer la participation d&rsquo;une bonne centaine d&rsquo;athl\u00e8tes\u00a0\u00bb, a pr\u00e9cis\u00e9 Lali.<\/p>\n<\/div>\n<p><img loading=\"lazy\" decoding=\"async\" src=\"http:\/\/feeds.feedburner.com\/~r\/aps-sport\/~4\/ZvHv5PXmYu4\" height=\"1\" width=\"1\" alt=\"\"><\/div>\n<p>Auteur:<br \/>\n<a href=\"http:\/\/www.aps.dz\/sport\/87858-voile-mettre-le-paquet-sur-les-evenements-qualificatifs-aux-jo-2020?utm_source=feedburner&#038;utm_medium=feed&#038;utm_campaign=Feed%3A+aps-sport+%28APS+-+SPORT%29\">Cliquez ici pour lire l&rsquo;article depuis sa source.<\/a><\/p>\n","protected":false},"excerpt":{"rendered":"<p>\u00a0 ALGER &#8211; Les Jeux africains de plage et les Championnats d&rsquo;Afrique des s\u00e9ries Laser et RSX, pr\u00e9vus respectivement en juin et octobre 2019, sont les deux plus gros \u00e9v\u00e8nements internationaux inscrits au programme des s\u00e9lections alg\u00e9riennes de voile pour la saison en cours car qualificatifs aux Jeux Olympiques-2020 \u00e0 Tokyo, a indiqu\u00e9 mardi la [&hellip;]<\/p>\n","protected":false},"author":1790,"featured_media":26861,"comment_status":"closed","ping_status":"closed","sticky":false,"template":"","format":"standard","meta":{"fifu_image_url":"","fifu_image_alt":"","footnotes":""},"categories":[53,75],"tags":[],"class_list":["post-26860","post","type-post","status-publish","format-standard","has-post-thumbnail","hentry","category-algerie","category-sport"],"_links":{"self":[{"href":"https:\/\/linitiative.ca\/International\/wp-json\/wp\/v2\/posts\/26860","targetHints":{"allow":["GET"]}}],"collection":[{"href":"https:\/\/linitiative.ca\/International\/wp-json\/wp\/v2\/posts"}],"about":[{"href":"https:\/\/linitiative.ca\/International\/wp-json\/wp\/v2\/types\/post"}],"author":[{"embeddable":true,"href":"https:\/\/linitiative.ca\/International\/wp-json\/wp\/v2\/users\/1790"}],"replies":[{"embeddable":true,"href":"https:\/\/linitiative.ca\/International\/wp-json\/wp\/v2\/comments?post=26860"}],"version-history":[{"count":0,"href":"https:\/\/linitiative.ca\/International\/wp-json\/wp\/v2\/posts\/26860\/revisions"}],"wp:featuredmedia":[{"embeddable":true,"href":"https:\/\/linitiative.ca\/International\/wp-json\/"}],"wp:attachment":[{"href":"https:\/\/linitiative.ca\/International\/wp-json\/wp\/v2\/media?parent=26860"}],"wp:term":[{"taxonomy":"category","embeddable":true,"href":"https:\/\/linitiative.ca\/International\/wp-json\/wp\/v2\/categories?post=26860"},{"taxonomy":"post_tag","embeddable":true,"href":"https:\/\/linitiative.ca\/International\/wp-json\/wp\/v2\/tags?post=26860"}],"curies":[{"name":"wp","href":"https:\/\/api.w.org\/{rel}","templated":true}]}}