{"id":26868,"date":"2019-04-09T13:00:00","date_gmt":"2019-04-09T17:00:00","guid":{"rendered":"https:\/\/linitiative.ca\/International\/fin-du-bradage-forestier-a-oran-le-wali-signe-larrete-de-protection-de-la-foret-de-canastel\/"},"modified":"2019-04-09T13:00:00","modified_gmt":"2019-04-09T17:00:00","slug":"fin-du-bradage-forestier-a-oran-le-wali-signe-larrete-de-protection-de-la-foret-de-canastel","status":"publish","type":"post","link":"https:\/\/linitiative.ca\/International\/fin-du-bradage-forestier-a-oran-le-wali-signe-larrete-de-protection-de-la-foret-de-canastel\/","title":{"rendered":"FIN DU BRADAGE FORESTIER  A ORAN : Le wali  signe l&rsquo;arr\u00eat\u00e9 de protection de la for\u00eat de Canastel"},"content":{"rendered":"<p><br id=\"sep_para_1\" class=\"sep_para access\"\/><\/p>\n<div id=\"para_1\" class=\"para_30303193 resize\">\n<div class=\"texte access firstletter\">Cet arr\u00eat\u00e9 vise la protection de cet espace forestier situ\u00e9 en plein c\u0153ur de la ville, entre la commune d&rsquo;Oran et de Bir El Djir. Le d\u00e9cret n\u00b0 19-871 du 03 avril 2019 vise \u00e0 dissuader d\u00e9finitivement la mafia du foncier de s&rsquo;approcher de ce site et interdit tous travaux d&rsquo;am\u00e9nagement qui pourraient compromettre le caract\u00e8re forestier. \u00ab Toute personne qui enfreint la d\u00e9cision est consid\u00e9r\u00e9e comme un contrevenant aux biens prot\u00e9g\u00e9s par la loi et sera soumise aux sanctions pr\u00e9vues dans le code p\u00e9nal \u00bb, indique le m\u00eame communiqu\u00e9. Il y a lieu de signaler que l&rsquo;ex-wali d&rsquo;Oran, M.Abdelghani Zaalane, avait d\u00e9j\u00e0 sign\u00e9 deux arr\u00eat\u00e9s de \u00ab classification \u00bb de cette for\u00eat comme faisant partie du domaine forestier national (DFN). Une proc\u00e9dure de classification \u00e0 diff\u00e9rencier de celle de \u2018\u2019 l&rsquo;int\u00e9gration \u2018\u2019 qui sera \u00e0 la charge de la conservation fonci\u00e8re de la wilaya d&rsquo;Oran avec la publication des documents d&rsquo;int\u00e9gration et l&rsquo;\u00e9tablissement du livret foncier, selon les explications fournies au journal \u2018\u2019 R\u00e9flexion\u2019\u2019 par le cadre de la conservation des for\u00eats de la wilaya d&rsquo;Oran. Les deux arr\u00eat\u00e9s de classification de la for\u00eat de Canastel portent sur ses deux parties administratives relevant des communes d&rsquo;Oran et de Bir El Djir sur des superficies respectives de 51 et 216 hectares, soit un total de 267 hectares, avait pr\u00e9cis\u00e9 le m\u00eame responsable. Notons qu&rsquo;en pr\u00e9vision des Jeux m\u00e9diterran\u00e9ens 2021 et dans le cadre du projet d&rsquo;am\u00e9nagement de la for\u00eat de Canastel en for\u00eat r\u00e9cr\u00e9ative, des travaux d&rsquo;ouverture et d&rsquo;am\u00e9nagement de pistes foresti\u00e8res ont \u00e9t\u00e9 lanc\u00e9s. Des travaux qui ont \u00e9t\u00e9 d\u00e9cri\u00e9s par plusieurs citoyens de Canastel qui avaient appel\u00e9 le wali \u00e0 arr\u00eater les travaux, et pire encore la r\u00e9alisation de 11 logements sociaux relevant de la Sarl Prommorev ont fait l&rsquo;objet des m\u00e9contentements des r\u00e9sidents de la for\u00eat B qui ont observ\u00e9 jeudi dernier un sit-in en guise de protection contre ces agressions du domaine forestier n&rsquo;ont pas manqu\u00e9 pour d\u00e9noncer ces agissements n\u00e9fastes contre cette nature r\u00e9cr\u00e9ative de la ville d&rsquo;Oran. Une op\u00e9ration de reboisement initi\u00e9e par le wali d&rsquo;Oran en compagnie des membres de la soci\u00e9t\u00e9 civile a \u00e9t\u00e9 organis\u00e9e\u00a0 samedi dernier au sein de cette immense for\u00eat de Ha\u00ef El Minzah afin de combler le d\u00e9ficit caus\u00e9 par les\u00a0 abattages des 200 arbres qui ont \u00e9t\u00e9 d\u00e9truit par les agents de la conservation des for\u00eats, et dont les travaux ont \u00e9t\u00e9 bloqu\u00e9s par le wali d&rsquo;Oran, M. Mouloud Ch\u00e9rifi qui vient d&rsquo;instruire tous les organismes pour la protection du site forestier de Canastel et dont les r\u00e9sidents de la for\u00eat B se sont engag\u00e9s\u00a0 pour la pr\u00e9servation du domaine forestier\u00a0 et n&rsquo;ont m\u00e9nag\u00e9 aucun effort pour la protection\u00a0 du site forestier de leur cit\u00e9, en d\u00e9posant une plainte officielle contre les constructions illicites qui sont entam\u00e9es par la Sarl Prommorev , qui viennent d\u2019\u00eatre suspendues en toute urgence suite \u00e0 l&rsquo;instruction du wali d&rsquo;Oran qui a sign\u00e9 fort heureusement le d\u00e9cret de protection de la for\u00eat de Canastel.<\/div>\n<\/div>\n<p>Auteur: Medjadji Habib<br \/>\n<a href=\"https:\/\/www.reflexiondz.net\/FIN-DU-BRADAGE-FORESTIER-A-ORAN-Le-wali-signe-l-arrete-de-protection-de-la-foret-de-Canastel_a55313.html\">Cliquez ici pour lire l&rsquo;article depuis sa source.<\/a><\/p>\n","protected":false},"excerpt":{"rendered":"<p>Cet arr\u00eat\u00e9 vise la protection de cet espace forestier situ\u00e9 en plein c\u0153ur de la ville, entre la commune d&rsquo;Oran et de Bir El Djir. Le d\u00e9cret n\u00b0 19-871 du 03 avril 2019 vise \u00e0 dissuader d\u00e9finitivement la mafia du foncier de s&rsquo;approcher de ce site et interdit tous travaux d&rsquo;am\u00e9nagement qui pourraient compromettre le [&hellip;]<\/p>\n","protected":false},"author":1740,"featured_media":0,"comment_status":"closed","ping_status":"closed","sticky":false,"template":"","format":"standard","meta":{"fifu_image_url":"","fifu_image_alt":"","footnotes":""},"categories":[53,76],"tags":[],"class_list":["post-26868","post","type-post","status-publish","format-standard","hentry","category-algerie","category-regions"],"_links":{"self":[{"href":"https:\/\/linitiative.ca\/International\/wp-json\/wp\/v2\/posts\/26868","targetHints":{"allow":["GET"]}}],"collection":[{"href":"https:\/\/linitiative.ca\/International\/wp-json\/wp\/v2\/posts"}],"about":[{"href":"https:\/\/linitiative.ca\/International\/wp-json\/wp\/v2\/types\/post"}],"author":[{"embeddable":true,"href":"https:\/\/linitiative.ca\/International\/wp-json\/wp\/v2\/users\/1740"}],"replies":[{"embeddable":true,"href":"https:\/\/linitiative.ca\/International\/wp-json\/wp\/v2\/comments?post=26868"}],"version-history":[{"count":0,"href":"https:\/\/linitiative.ca\/International\/wp-json\/wp\/v2\/posts\/26868\/revisions"}],"wp:attachment":[{"href":"https:\/\/linitiative.ca\/International\/wp-json\/wp\/v2\/media?parent=26868"}],"wp:term":[{"taxonomy":"category","embeddable":true,"href":"https:\/\/linitiative.ca\/International\/wp-json\/wp\/v2\/categories?post=26868"},{"taxonomy":"post_tag","embeddable":true,"href":"https:\/\/linitiative.ca\/International\/wp-json\/wp\/v2\/tags?post=26868"}],"curies":[{"name":"wp","href":"https:\/\/api.w.org\/{rel}","templated":true}]}}