{"id":26869,"date":"2019-04-09T13:00:00","date_gmt":"2019-04-09T17:00:00","guid":{"rendered":"https:\/\/linitiative.ca\/International\/rnd-chihab-ne-reconnait-pas-lautorite-douyahia\/"},"modified":"2019-04-09T13:00:00","modified_gmt":"2019-04-09T17:00:00","slug":"rnd-chihab-ne-reconnait-pas-lautorite-douyahia","status":"publish","type":"post","link":"https:\/\/linitiative.ca\/International\/rnd-chihab-ne-reconnait-pas-lautorite-douyahia\/","title":{"rendered":"RND : Chihab ne reconna\u00eet pas l\u2019autorit\u00e9 d\u2019Ouyahia"},"content":{"rendered":"<p><br id=\"sep_para_1\" class=\"sep_para access\"\/><\/p>\n<div id=\"para_1\" class=\"para_30303399 resize\">\n<div class=\"texte access firstletter\">\u00ab Je ne reconnais pas la d\u00e9cision d\u2019un individu banni par le peuple \u00bb. Cette phrase prononc\u00e9e, ce mardi 9 avril, \u00e0 partir du Palais des Nations, par le d\u00e9sormais ex-porte-parole du Rassemblement national d\u00e9mocratique (RND), en dit long sur la guerre de tranch\u00e9es qui se profile. M\u00eame si cette derni\u00e8re a \u00e9t\u00e9 d\u00e9clar\u00e9e il y a d\u00e9j\u00e0 quelques jours. Ainsi, dimanche 7 avril, alors que les membres du parti de la wilaya d\u2019Alger avaient annonc\u00e9, sous la direction de Seddik Chihab, l\u2019exclusion d\u2019Ahmed Ouyahia de la section de la capitale et ont demand\u00e9 son d\u00e9part imm\u00e9diat de son poste de secr\u00e9taire g\u00e9n\u00e9ral du parti, Ouyahia n\u2019a pas tard\u00e9 \u00e0 r\u00e9pliquer. Moins de 24h apr\u00e8s la parution du communiqu\u00e9, le SG du RND, met officiellement fin aux fonctions de porte-parole, ainsi que secr\u00e9taire RND\u00a0 de la Wilaya d\u2019Alger de Seddik Chihab. Les anciens amis de vingt ans se rendent d\u00e9sormais coup pour coup, depuis une semaine.<\/div>\n<\/div>\n<p>Auteur: Nadine<br \/>\n<a href=\"https:\/\/www.reflexiondz.net\/RND-Chihab-ne-reconnait-pas-l-autorite-d-Ouyahia_a55324.html\">Cliquez ici pour lire l&rsquo;article depuis sa source.<\/a><\/p>\n","protected":false},"excerpt":{"rendered":"<p>\u00ab Je ne reconnais pas la d\u00e9cision d\u2019un individu banni par le peuple \u00bb. Cette phrase prononc\u00e9e, ce mardi 9 avril, \u00e0 partir du Palais des Nations, par le d\u00e9sormais ex-porte-parole du Rassemblement national d\u00e9mocratique (RND), en dit long sur la guerre de tranch\u00e9es qui se profile. M\u00eame si cette derni\u00e8re a \u00e9t\u00e9 d\u00e9clar\u00e9e il [&hellip;]<\/p>\n","protected":false},"author":1740,"featured_media":0,"comment_status":"closed","ping_status":"closed","sticky":false,"template":"","format":"standard","meta":{"fifu_image_url":"","fifu_image_alt":"","footnotes":""},"categories":[53,76],"tags":[],"class_list":["post-26869","post","type-post","status-publish","format-standard","hentry","category-algerie","category-regions"],"_links":{"self":[{"href":"https:\/\/linitiative.ca\/International\/wp-json\/wp\/v2\/posts\/26869","targetHints":{"allow":["GET"]}}],"collection":[{"href":"https:\/\/linitiative.ca\/International\/wp-json\/wp\/v2\/posts"}],"about":[{"href":"https:\/\/linitiative.ca\/International\/wp-json\/wp\/v2\/types\/post"}],"author":[{"embeddable":true,"href":"https:\/\/linitiative.ca\/International\/wp-json\/wp\/v2\/users\/1740"}],"replies":[{"embeddable":true,"href":"https:\/\/linitiative.ca\/International\/wp-json\/wp\/v2\/comments?post=26869"}],"version-history":[{"count":0,"href":"https:\/\/linitiative.ca\/International\/wp-json\/wp\/v2\/posts\/26869\/revisions"}],"wp:attachment":[{"href":"https:\/\/linitiative.ca\/International\/wp-json\/wp\/v2\/media?parent=26869"}],"wp:term":[{"taxonomy":"category","embeddable":true,"href":"https:\/\/linitiative.ca\/International\/wp-json\/wp\/v2\/categories?post=26869"},{"taxonomy":"post_tag","embeddable":true,"href":"https:\/\/linitiative.ca\/International\/wp-json\/wp\/v2\/tags?post=26869"}],"curies":[{"name":"wp","href":"https:\/\/api.w.org\/{rel}","templated":true}]}}