{"id":26878,"date":"2019-04-09T05:20:51","date_gmt":"2019-04-09T09:20:51","guid":{"rendered":"https:\/\/linitiative.ca\/International\/vacance-du-poste-de-president-lopposition-fustige-la-convocation-de-la-reunion-du-parlement\/"},"modified":"2019-04-09T05:20:51","modified_gmt":"2019-04-09T09:20:51","slug":"vacance-du-poste-de-president-lopposition-fustige-la-convocation-de-la-reunion-du-parlement","status":"publish","type":"post","link":"https:\/\/linitiative.ca\/International\/vacance-du-poste-de-president-lopposition-fustige-la-convocation-de-la-reunion-du-parlement\/","title":{"rendered":"Vacance du poste de pr\u00e9sident : L\u2019opposition fustige la convocation de la r\u00e9union du Parlement"},"content":{"rendered":"<h4 class=\"title-14\"\/>\n<p>La r\u00e9union du Parlement, pr\u00e9vue aujourd\u2019hui \u00e0 Alger, pour constater la vacance de la pr\u00e9sidence de la R\u00e9publique et confier l\u2019int\u00e9rim \u00e0 Abdelkader Bensalah, se tiendra sous le signe du boycott par les d\u00e9put\u00e9s de l\u2019opposition.<\/p>\n<p>Hier, le MSP a annonc\u00e9 que les \u00e9lus du parti bouderont cette r\u00e9union. \u00abParticiper \u00e0 cette session serait une confirmation de Abdelkader Bensalah comme chef de l\u2019Etat, ce qui est en contradiction avec les revendications du peuple, exprim\u00e9es clairement par le hirak populaire\u00bb, a fait savoir le MSP dans un communiqu\u00e9.<\/p>\n<p>Le parti de Abderrazak Makri a estim\u00e9 que la d\u00e9mission du pr\u00e9sident Bouteflika est \u00abd\u00e9finitive\u00bb, selon la Constitution et que la r\u00e9union des deux Chambres du Parlement n\u2019est qu\u2019\u00abune\u00a0formalit\u00e9\u00a0suivant l\u2019article 102 de la Constitution en cas de d\u00e9mission\u00bb.<\/p>\n<p>Evoquant l\u2019activation de l\u2019article 102, le MSP a estim\u00e9 que cette option pourrait constituer une solution, \u00absi elle est accompagn\u00e9e des r\u00e9formes politiques qui garantissent la concr\u00e9tisation de la volont\u00e9 populaire \u00e0 travers des \u00e9lections libres et transparentes\u00bb, ainsi que \u00abd\u2019autres dispositions qui garantissent une transition d\u00e9mocratique r\u00e9ussie\u00bb.<\/p>\n<p>A ce titre, le MSP a formul\u00e9 le v\u0153u que \u00abl\u2019institution militaire se limite \u00e0 l\u2019accompagnement de la transition politique et que le hirak se poursuive jusqu\u2019\u00e0 la concr\u00e9tisation de la volont\u00e9 populaire\u00bb.<\/p>\n<p>De son c\u00f4t\u00e9, le RCD a fustig\u00e9, \u00e0 nouveau, le recours \u00e0 la convocation de la r\u00e9union du Parlement pour la\u00a0d\u00e9signation\u00a0d\u2019un Pr\u00e9sident int\u00e9rimaire. \u00abEn convoquant le Parlement, le pouvoir s\u2019ent\u00eate dans un formalisme constitutionnel vou\u00e9 \u00e0 l\u2019impasse ou au coup de force permanent sous l\u2019injonction d\u2019un pouvoir de fait qui veut squatter la volont\u00e9 populaire et emp\u00eacher le nouveau d\u00e9part tant attendu\u00bb, a mis en garde le parti dans un communiqu\u00e9. \u00abVouloir imposer une nouvelle tutelle issue du syst\u00e8me politique, qui a ruin\u00e9 le pays, \u00e0 un peuple mobilis\u00e9 dans la rue et \u00e0 travers tous les secteurs d\u2019activit\u00e9 pour un changement radical du syst\u00e8me, n\u2019a pas d\u2019autre nom\u00a0: c\u2019est le d\u00e9tournement de la volont\u00e9 du peuple pour lui confisquer une r\u00e9volution qui a fait l\u2019admiration du monde entier\u00bb, a d\u00e9nonc\u00e9 le parti.\u00a0\u00abCe pouvoir de fait qui a d\u00e9ni\u00e9 aux citoyens le droit \u00e0 la libert\u00e9 et \u00e0 la justice, depuis 1962, est une partie du probl\u00e8me alg\u00e9rien.<\/p>\n<p>Il est inapte et il ne peut pr\u00e9tendre aujourd\u2019hui \u00e0 piloter une transition d\u00e9mocratique revendiqu\u00e9e haut et fort par les forces vives et le pays profond\u00bb, a ajout\u00e9 le RCD.<\/p>\n<p>Pour sa part, la FFS a d\u00e9nonc\u00e9, avant-hier, \u00abla convocation des deux Chambres du Parlement ill\u00e9gitime et impopulaire pour le mardi 9 avril 2019, par un pouvoir autiste qui n\u2019entend pas la voix du peuple, dans une vaine tentative de reconduire les responsables du r\u00e9gime afin de le p\u00e9renniser, de le renforcer et de le consolider\u00bb. \u00abLe peuple dans toutes ses composantes et \u00e0 travers tout le territoire national exige un changement radical du syst\u00e8me en rejetant ses deux b\u00e9quilles institutionnelles (APN et S\u00e9nat)\u00bb et \u00abc\u2019est au peuple alg\u00e9rien qu\u2019il appartient de reconstruire l\u2019Etat et ses institutions de mani\u00e8re souveraine et d\u00e9mocratique apr\u00e8s 57 ans d\u2019un r\u00e9gime autoritaire qui a emp\u00each\u00e9 toute alternance d\u00e9mocratique\u00bb, a soulign\u00e9 le parti dans un communiqu\u00e9.<\/p>\n<p>Par ailleurs, le plus vieux parti\u00a0de\u00a0l\u2019opposition a fait savoir qu\u2019il a proc\u00e9d\u00e9 \u00e0 \u00abla lev\u00e9e de la couverture politique aux parlementaires du parti qui n\u2019ont pas d\u00e9missionn\u00e9\u00bb, et ce, \u00abpour non-respect de la d\u00e9cision relative au retrait des parlementaires du FFS des deux Chambres du Parlement, prise par les instances politiques du parti le 6 mars 2019, conform\u00e9ment \u00e0 la charte de l\u2019\u00e9lu et aux textes du parti\u00bb.<\/p>\n<p>D\u2019autres formations de l\u2019opposition ne participeront pas, aussi, \u00e0 cette session pr\u00e9vue une semaine apr\u00e8s l\u2019annonce de la d\u00e9mission, sous la pression conjugu\u00e9e de la rue et de l\u2019arm\u00e9e, du pr\u00e9sident Bouteflika.<\/p>\n<p>C\u2019est le cas des d\u00e9put\u00e9s du PT, qui a d\u00e9j\u00e0 retir\u00e9 ses repr\u00e9sentants de la Chambre basse du Parlement en signe de soutien au mouvement populaire.<\/p>\n<div class=\"yuzo_related_post style-1\" data-version=\"5.12.88\">\n<p><h3>Related Post<\/h3>\n<\/p>\n<div class=\"yuzo_wraps\">\n<div class=\"relatedthumb relatedpost-556148 c11\"><a href=\"https:\/\/www.elwatan.com\/regions\/centre\/blida\/blida-un-malade-mental-seme-la-panique-au-centre-ville-02-02-2019\"\/><\/p>\n<p><span class=\"yuzo__text--title c10\">Blida :\u00a0Un malade mental s\u00e8me la panique au centre&#8230;<\/span><\/div>\n<div class=\"relatedthumb relatedpost-563267 c11\"><a href=\"https:\/\/www.elwatan.com\/edition\/actualite\/les-enseignants-universitaires-installent-un-comite-de-coordination-provisoire-a-sidi-bel-abbes-11-03-2019\"\/><\/p>\n<p><span class=\"yuzo__text--title c10\">Les enseignants universitaires installent un comit&#8230;<\/span><\/div>\n<div class=\"relatedthumb relatedpost-557844 c11\"><a href=\"https:\/\/www.elwatan.com\/edition\/actualite\/le-chef-de-letat-reconnait-officiellement-sa-maladie-12-02-2019\"\/><\/p>\n<p><span class=\"yuzo__text--title c10\">Le chef de l\u2019\u00e9tat reconna\u00eet officiellement sa mala&#8230;<\/span><\/div>\n<div class=\"relatedthumb relatedpost-563804 c11\"><a href=\"https:\/\/www.elwatan.com\/edition\/actualite\/tahar-gaid-moudjahid-cofondatur-de-lugta-bouteflika-a-pietine-le-peuple-14-03-2019\"\/><\/p>\n<p><span class=\"yuzo__text--title c10\">Tahar Ga\u00efd. Moudjahid cofondatur de l\u2019UGTA : \u00abBout&#8230;<\/span><\/div>\n<\/div>\n<\/div>\n<p><span class=\"post-views-label\">Post Views:<\/span> <span class=\"post-views-count\">504<\/span><\/p>\n<p>Auteur: Hicham Chouadria<br \/>\n<a href=\"https:\/\/www.elwatan.com\/edition\/actualite\/vacance-du-poste-de-president-lopposition-fustige-la-convocation-de-la-reunion-du-parlement-09-04-2019\">Cliquez ici pour lire l&rsquo;article depuis sa source.<\/a><\/p>\n","protected":false},"excerpt":{"rendered":"<p>La r\u00e9union du Parlement, pr\u00e9vue aujourd\u2019hui \u00e0 Alger, pour constater la vacance de la pr\u00e9sidence de la R\u00e9publique et confier l\u2019int\u00e9rim \u00e0 Abdelkader Bensalah, se tiendra sous le signe du boycott par les d\u00e9put\u00e9s de l\u2019opposition. Hier, le MSP a annonc\u00e9 que les \u00e9lus du parti bouderont cette r\u00e9union. \u00abParticiper \u00e0 cette session serait une [&hellip;]<\/p>\n","protected":false},"author":1743,"featured_media":0,"comment_status":"closed","ping_status":"closed","sticky":false,"template":"","format":"standard","meta":{"fifu_image_url":"","fifu_image_alt":"","footnotes":""},"categories":[73,53],"tags":[],"class_list":["post-26878","post","type-post","status-publish","format-standard","hentry","category-actualite","category-algerie"],"_links":{"self":[{"href":"https:\/\/linitiative.ca\/International\/wp-json\/wp\/v2\/posts\/26878","targetHints":{"allow":["GET"]}}],"collection":[{"href":"https:\/\/linitiative.ca\/International\/wp-json\/wp\/v2\/posts"}],"about":[{"href":"https:\/\/linitiative.ca\/International\/wp-json\/wp\/v2\/types\/post"}],"author":[{"embeddable":true,"href":"https:\/\/linitiative.ca\/International\/wp-json\/wp\/v2\/users\/1743"}],"replies":[{"embeddable":true,"href":"https:\/\/linitiative.ca\/International\/wp-json\/wp\/v2\/comments?post=26878"}],"version-history":[{"count":0,"href":"https:\/\/linitiative.ca\/International\/wp-json\/wp\/v2\/posts\/26878\/revisions"}],"wp:attachment":[{"href":"https:\/\/linitiative.ca\/International\/wp-json\/wp\/v2\/media?parent=26878"}],"wp:term":[{"taxonomy":"category","embeddable":true,"href":"https:\/\/linitiative.ca\/International\/wp-json\/wp\/v2\/categories?post=26878"},{"taxonomy":"post_tag","embeddable":true,"href":"https:\/\/linitiative.ca\/International\/wp-json\/wp\/v2\/tags?post=26878"}],"curies":[{"name":"wp","href":"https:\/\/api.w.org\/{rel}","templated":true}]}}