{"id":26879,"date":"2019-04-09T05:30:27","date_gmt":"2019-04-09T09:30:27","guid":{"rendered":"https:\/\/linitiative.ca\/International\/congres-du-parlement-aujourdhui-larticle-102-et-apres\/"},"modified":"2019-04-09T05:30:27","modified_gmt":"2019-04-09T09:30:27","slug":"congres-du-parlement-aujourdhui-larticle-102-et-apres","status":"publish","type":"post","link":"https:\/\/linitiative.ca\/International\/congres-du-parlement-aujourdhui-larticle-102-et-apres\/","title":{"rendered":"Congr\u00e8s du parlement aujourd\u2019hui : L\u2019article 102 et apr\u00e8s\u00a0?"},"content":{"rendered":"<h4 class=\"title-14\"\/>\n<div class=\"featured_image\"><img width=\"800\" height=\"572\" data-cfsrc=\"https:\/\/www.elwatan.com\/wp-content\/uploads\/2019\/04\/manif-1-e1554768963633.jpeg\" class=\"attachment-post-thumbnail size-post-thumbnail wp-post-image c1\" alt=\"\"\/><noscript><\/p>\n<p><img loading=\"lazy\" decoding=\"async\" width=\"800\" height=\"572\" src=\"https:\/\/www.elwatan.com\/wp-content\/uploads\/2019\/04\/manif-1-e1554768963633.jpeg\" class=\"attachment-post-thumbnail size-post-thumbnail wp-post-image\" alt=\"\"\/><\/p>\n<p><\/noscript> <span class=\"featured-image-caption\">(Photo : B. Souhil)<\/span><\/div>\n<p>Pression populaire croissante et impasse constitutionnelle aigu\u00eb. Au terme de sept vendredis d\u2019une mobilisation populaire in\u00e9dite, le pays tangue entre l\u2019ancien r\u00e9gime \u00e0 d\u00e9manteler et le nouvel ordre d\u00e9mocratique auquel aspirent les Alg\u00e9riens.<\/p>\n<p>L\u2019apr\u00e8s-Bouteflika s\u2019av\u00e8re difficile \u00e0 g\u00e9rer pour les rescap\u00e9s de son r\u00e8gne. Il est tout aussi compliqu\u00e9 pour les acteurs politiques de l\u2019opposition.<\/p>\n<p>C\u2019est dans ce climat extr\u00eamement tendu que le congr\u00e8s du Parlement est convoqu\u00e9 aujourd\u2019hui pour acter la vacance du pouvoir. Cette r\u00e9union de l\u2019Assembl\u00e9e nationale et du S\u00e9nat est entour\u00e9e de beaucoup de zones d\u2019ombre.<\/p>\n<p>D\u2019incertitudes \u00e9galement, notamment \u00e0 propos de la d\u00e9signation du Pr\u00e9sident int\u00e9rimaire qui, du point de vue de la Constitution, revient automatiquement au pr\u00e9sident de la Chambre haute, Abdelkader Bensalah.<\/p>\n<p>Ce dernier est fortement rejet\u00e9 par la rue, car son nom est intimement associ\u00e9 au r\u00e9gime de Bouteflika. Lui confier la pr\u00e9sidence de la R\u00e9publique, m\u00eame de mani\u00e8re int\u00e9rimaire, risque d\u2019embraser la rue qui n\u2019entend rien c\u00e9der.<\/p>\n<p>Cela revendrait \u00e9galement \u00e0 confier la t\u00e2che de pr\u00e9parer et d\u2019organiser l\u2019\u00e9lection pr\u00e9sidentielle \u00e0 un gouvernement encore plus d\u00e9cri\u00e9.<\/p>\n<p>Difficile de proc\u00e9der par le processus institutionnel dans un contexte d\u2019insurrection g\u00e9n\u00e9rale, alors qu\u2019au sein de l\u2019opposition politique comme chez les \u00abinsurg\u00e9s\u00bb, il se d\u00e9gage un consensus sur la n\u00e9cessit\u00e9 de d\u00e9passement de la Constitution devenue source de blocage politique.<\/p>\n<p>Avec des formules et des modalit\u00e9s diverses, la classe politique s\u2019emploie \u00e0 convaincre de l\u2019efficacit\u00e9 \u00e0 proc\u00e9der autrement que par la voie constitutionnelle. Dans des \u00e9changes \u00e0 distance avec l\u2019institution militaire, elle balise le terrain pour favoriser l\u2019option d\u2019une transition collectivement \u00e9labor\u00e9e \u00e0 partir d\u2019un compromis qui remonte de la base.<\/p>\n<p>Le chef d\u2019\u00e9tat-major, Ahmed Ga\u00efd Salah, qui se trouve en premi\u00e8re ligne depuis qu\u2019il a d\u00e9cid\u00e9 d\u2019agir sur les \u00e9v\u00e9nements en contraignant Abdelaziz Bouteflika \u00e0 d\u00e9missionner, concentre toutes les interpellations politiques.<\/p>\n<p>C\u2019est vers lui que tout le monde se tourne et guette le moindre geste, car il est l\u2019autorit\u00e9 politique centrale de fait. Comment va-t-il agir, avec qui et dans quelle direction\u00a0? Il est face \u00e0 un dilemme.<\/p>\n<p>Il est plac\u00e9 devant des choix p\u00e9rilleux. S\u2019enfermer dans le strict cadre constitutionnel et courir le risque de mener l\u2019Etat dans un blocage politique insurmontable. Ou bien, prendre des libert\u00e9s avec la Loi fondamentale et s\u2019exposer \u00e0 la difficult\u00e9 de forger un large consensus autour des nouvelles \u00e9quipes \u00e0 qui sera confi\u00e9e la gestion de la p\u00e9riode qui s\u2019ouvre au pays.<\/p>\n<p>S\u2019il a brandi de la main droite l\u2019article 102 de la Constitution pour confirmer la vacance du pouvoir et obliger Bouteflika \u00e0 quitter la pr\u00e9sidence, Ahmed Ga\u00efd Salah a par ailleurs agit\u00e9 de la main gauche les articles 7 et 8 de la Loi fondamentale pour \u00e9ventuellement s\u2019am\u00e9nager une porte de sortie et s\u2019\u00e9manciper de la Constitution.<\/p>\n<p>A maintes reprises, le chef d\u2019\u00e9tat-major a affirm\u00e9 et r\u00e9affirm\u00e9 sa \u00abfid\u00e9lit\u00e9 au peuple\u00bb comme pour d\u00e9cliner sa \u00abconviction\u00bb d\u2019agir dans la m\u00eame direction souhait\u00e9e par les Alg\u00e9riens en mouvement.<\/p>\n<p>S\u2019agit-il d\u2019un calcul tactique consistant \u00e0 une reprise en main, ou d\u2019une r\u00e9elle volont\u00e9 de contribuer \u00e0 briser l\u2019impasse et aider \u00e0 l\u2019instauration d\u2019un nouvel ordre d\u00e9mocratique dont l\u2019un des fondements serait justement la pr\u00e9\u00e9minence de l\u2019autorit\u00e9 civile sur le pouvoir de l\u2019arm\u00e9e\u00a0?<\/p>\n<p>Mais il est \u00e9vident que si la conviction de l\u2019institution militaire est de concourir \u00e0 clore la longue s\u00e9quence du r\u00e9gime autoritaire, elle serait amen\u00e9e alors \u00e0 engager des concertations directes ou indirectes avec les acteurs politiques et des personnalit\u00e9s dites nationales.<\/p>\n<p>La p\u00e9riode actuelle requiert une cogestion dans un esprit de compromis \u00e0 tous les niveaux, et autour d\u2019un nouveau contrat politique. Manifestement, l\u2019urgence nationale aujourd\u2019hui ne se situe nullement dans l\u2019\u00e9lection pr\u00e9sidentielle dans les plus brefs d\u00e9lais. Difficile de r\u00e9unir les conditions d\u00e9mocratiques pour pouvoir organiser un scrutin pr\u00e9sidentiel fiable et transparent.<\/p>\n<p>Trois mois, c\u2019est extr\u00eamement court comme d\u00e9lai. La p\u00e9riode de transition est un vaste chantier qui devra mobiliser toutes les \u00e9nergies fortement acquises \u00e0 l\u2019id\u00e9e du changement d\u00e9mocratique.<\/p>\n<p>La rue qui, pour l\u2019instant, a r\u00e9ussi \u00e0 \u00e9branler les fondements du syst\u00e8me politique, n\u2019est pas press\u00e9e d\u2019aller aux consultations \u00e9lectorales.<\/p>\n<p>Par son g\u00e9nie, elle proc\u00e8de par \u00e9tape. D\u00e9gager une \u00e0 une les t\u00eates d\u2019affiche du r\u00e9gime honni, se d\u00e9barrasser de ses instruments et m\u00e9canismes par lesquels s\u2019est organis\u00e9e la confiscation de la volont\u00e9 populaire et des richesses collectives et enfin rompre avec ses pratiques antid\u00e9mocratiques.<\/p>\n<p>Cette d\u00e9marche devra s\u2019accomplir en confiant la gestion des affaires \u00e0 une nouvelle \u00e9lite qui aura pour mission, \u00e0 terme, de pr\u00e9parer les conditions politiques n\u00e9cessaires pour un retour \u00e0 la l\u00e9gitimit\u00e9 des urnes.<\/p>\n<p>La crise que vit le pays est fondamentalement politique. Pour en sortir, il ne faut surtout pas se suffire de quelques am\u00e9nagements techniques de l\u2019\u00e9difice et du sacrifice de quelques visages.<\/p>\n<p>Le mouvement du 22 f\u00e9vrier offre au pays une opportunit\u00e9 historique pour op\u00e9rer des r\u00e9visions d\u00e9chirantes.<\/p>\n<div class=\"yuzo_related_post style-1\" data-version=\"5.12.88\">\n<p><h3>Related Post<\/h3>\n<\/p>\n<div class=\"yuzo_wraps\">\n<div class=\"relatedthumb relatedpost-263823 c11\"><a href=\"https:\/\/www.elwatan.com\/pages-hebdo\/magazine\/tindouf-a-la-croisee-des-routes-06-12-2018\"\/><\/p>\n<p><span class=\"yuzo__text--title c10\">Tindouf, \u00e0 la crois\u00e9e des routes<\/span><\/div>\n<div class=\"relatedthumb relatedpost-148650 c11\"><a href=\"https:\/\/www.elwatan.com\/a-la-une\/les-ingredients-dune-rentree-cholereuse-10-09-2018\"\/><\/p>\n<p><span class=\"yuzo__text--title c10\">Les ingr\u00e9dients d\u2019une rentr\u00e9e \u00abchol\u00e9reuse\u00bb<\/span><\/div>\n<div class=\"relatedthumb relatedpost-562369 c11\"><a href=\"https:\/\/www.elwatan.com\/chroniques\/chronique-de-a-merad\/la-chronique-de-a-merad-en-attendant-de-voir-un-autre-abdou-b-07-03-2019\"\/><\/p>\n<p><span class=\"yuzo__text--title c10\">En attendant de voir un autre Abdou B.<\/span><\/div>\n<div class=\"relatedthumb relatedpost-546769 c11\"><a href=\"https:\/\/www.elwatan.com\/regions\/centre\/alger\/a-partir-de-lundi-suspension-de-lalimentation-en-eau-potable-dans-plusieurs-quartiers-13-01-2019\"\/><\/p>\n<p><span class=\"yuzo__text--title c10\">\u00e0 partir de lundi : Suspension de l\u2019alimentation e&#8230;<\/span><\/div>\n<\/div>\n<\/div>\n<p><span class=\"post-views-label\">Post Views:<\/span> <span class=\"post-views-count\">2\u00a0355<\/span><\/p>\n<p>Auteur: Hicham Chouadria<br \/>\n<a href=\"https:\/\/www.elwatan.com\/a-la-une\/congres-du-parlement-aujourdhui-larticle-102-et-apres-09-04-2019\">Cliquez ici pour lire l&rsquo;article depuis sa source.<\/a><\/p>\n","protected":false},"excerpt":{"rendered":"<p>(Photo : B. Souhil) Pression populaire croissante et impasse constitutionnelle aigu\u00eb. Au terme de sept vendredis d\u2019une mobilisation populaire in\u00e9dite, le pays tangue entre l\u2019ancien r\u00e9gime \u00e0 d\u00e9manteler et le nouvel ordre d\u00e9mocratique auquel aspirent les Alg\u00e9riens. L\u2019apr\u00e8s-Bouteflika s\u2019av\u00e8re difficile \u00e0 g\u00e9rer pour les rescap\u00e9s de son r\u00e8gne. Il est tout aussi compliqu\u00e9 pour les [&hellip;]<\/p>\n","protected":false},"author":1743,"featured_media":26880,"comment_status":"closed","ping_status":"closed","sticky":false,"template":"","format":"standard","meta":{"fifu_image_url":"","fifu_image_alt":"","footnotes":""},"categories":[73,53],"tags":[],"class_list":["post-26879","post","type-post","status-publish","format-standard","has-post-thumbnail","hentry","category-actualite","category-algerie"],"_links":{"self":[{"href":"https:\/\/linitiative.ca\/International\/wp-json\/wp\/v2\/posts\/26879","targetHints":{"allow":["GET"]}}],"collection":[{"href":"https:\/\/linitiative.ca\/International\/wp-json\/wp\/v2\/posts"}],"about":[{"href":"https:\/\/linitiative.ca\/International\/wp-json\/wp\/v2\/types\/post"}],"author":[{"embeddable":true,"href":"https:\/\/linitiative.ca\/International\/wp-json\/wp\/v2\/users\/1743"}],"replies":[{"embeddable":true,"href":"https:\/\/linitiative.ca\/International\/wp-json\/wp\/v2\/comments?post=26879"}],"version-history":[{"count":0,"href":"https:\/\/linitiative.ca\/International\/wp-json\/wp\/v2\/posts\/26879\/revisions"}],"wp:featuredmedia":[{"embeddable":true,"href":"https:\/\/linitiative.ca\/International\/wp-json\/"}],"wp:attachment":[{"href":"https:\/\/linitiative.ca\/International\/wp-json\/wp\/v2\/media?parent=26879"}],"wp:term":[{"taxonomy":"category","embeddable":true,"href":"https:\/\/linitiative.ca\/International\/wp-json\/wp\/v2\/categories?post=26879"},{"taxonomy":"post_tag","embeddable":true,"href":"https:\/\/linitiative.ca\/International\/wp-json\/wp\/v2\/tags?post=26879"}],"curies":[{"name":"wp","href":"https:\/\/api.w.org\/{rel}","templated":true}]}}