{"id":26892,"date":"2019-04-08T23:51:00","date_gmt":"2019-04-09T03:51:00","guid":{"rendered":"https:\/\/linitiative.ca\/International\/que-fait-yassine-brahim-a-washington-dc\/"},"modified":"2019-04-08T23:51:00","modified_gmt":"2019-04-09T03:51:00","slug":"que-fait-yassine-brahim-a-washington-dc","status":"publish","type":"post","link":"https:\/\/linitiative.ca\/International\/que-fait-yassine-brahim-a-washington-dc\/","title":{"rendered":"Que fait Yassine Brahim \u00e0 Washington DC"},"content":{"rendered":"<p><strong>Taoufik Habaieb, <em>Envoy\u00e9 sp\u00e9cial de Leaders<\/em><\/strong> &#8211; Il cultive une tradition qu\u2019il avait initi\u00e9e il y a cinq ans. Depuis 2103, Yassine Brahim, chef du parti Afek, ne rate aucune session des R\u00e9unions du Printemps du Groupe Banque Mondiale et FMI, \u00e0 Washington DC pour renouer contacts avec les d\u00e9cisionnaires dans la capitale f\u00e9d\u00e9rale am\u00e9ricaine. Dirigeants des institutions financi\u00e8res, think tanks, congressmen, anciens conseillers d\u2019Obama, nouvelles t\u00eates de l\u2019Administration Trump et autres influents pour plaider la cause de la Tunisie. Son discours est d\u2019expliquer les d\u00e9fis, montrer les avanc\u00e9es accomplies et susciter appui et soutien \u00e0 l\u2019\u00e9conomie, aux finances publiques et \u00e0 la transition d\u00e9mocratique. Dans une d\u00e9marche corporate, il multiplie les arguments et r\u00e9pond \u00e0 toutes les questions.<\/p>\n<p>\u00ab\u00a0C\u2019est tr\u00e8s important de passer r\u00e9guli\u00e8rement \u00e0 Washington DC, d\u00e9clare-t-il \u00e0 Leaders. Nous devons garder constamment la Tunisie sous les radars et refl\u00e9ter une bonne image de notre pays.\u00a0\u00bb Chef d\u2019un parti centriste et lib\u00e9ral, et deux fois ancien ministre, Yassine Brahim trouve une ou\u00efe attentive.<\/p>\n<p class=\"c2\"><img loading=\"lazy\" decoding=\"async\" src=\"\/uploads\/FCK_files\/Tom.jpg\" alt=\"\" width=\"700\" vspace=\"5\" hspace=\"5\" height=\"427\" align=\"middle\"\/><\/p>\n<p class=\"c2\"><em>En photo avec Tomas Friedman, \u00e9ditorialiste du New York Times pour les questions internationales.<\/em><\/p>\n<p class=\"c3\"><strong>Lire aussi<\/strong><\/p>\n<p class=\"c3\"><a href=\"https:\/\/www.leaders.com.tn\/article\/26865-olfa-soukri-cherif-reelue-a-washington-au-conseil-d-administration-du-reseau-parlementaire-mondial\" target=\"_blank\" rel=\"noopener noreferrer\">Olfa Soukri Cherif, r\u00e9\u00e9lue \u00e0 Washington au Conseil d\u2019administration du r\u00e9seau parlementaire mondial<\/a><br \/><a href=\"https:\/\/www.leaders.com.tn\/article\/26864-pourquoi-le-fmi-revoit-a-la-baisse-la-croissance-mondiale-en-2019\" target=\"_blank\" rel=\"noopener noreferrer\">Pourquoi le FMI revoit \u00e0 la baisse la croissance mondiale en 2019<\/a><br \/><a href=\"https:\/\/www.leaders.com.tn\/article\/26859-qui-participe-au-nom-de-la-tunisie-aux-reunions-du-printemps-a-washington\" target=\"_blank\" rel=\"noopener noreferrer\">Qui participe au nom de la Tunisie aux R\u00e9unions du Printemps \u00e0 Washington<\/a><br \/><a href=\"https:\/\/www.leaders.com.tn\/article\/26856-l-agenda-charge-de-jhinaoui-a-new-york-et-washington-conseil-de-securite-sommet-arabe-libye\" target=\"_blank\" rel=\"noopener noreferrer\">L\u2019agenda charg\u00e9 de Jhinaoui \u00e0 New York et Washington : Conseil de S\u00e9curit\u00e9, Sommet arabe, Libye\u2026<\/a><\/p>\n<p>Auteur:<br \/>\n<a href=\"https:\/\/www.leaders.com.tn\/article\/26863-que-fait-yassine-brahim-a-washington-dc\">Cliquez ici pour lire l&rsquo;article depuis sa source.<\/a><\/p>\n","protected":false},"excerpt":{"rendered":"<p>Taoufik Habaieb, Envoy\u00e9 sp\u00e9cial de Leaders &#8211; Il cultive une tradition qu\u2019il avait initi\u00e9e il y a cinq ans. Depuis 2103, Yassine Brahim, chef du parti Afek, ne rate aucune session des R\u00e9unions du Printemps du Groupe Banque Mondiale et FMI, \u00e0 Washington DC pour renouer contacts avec les d\u00e9cisionnaires dans la capitale f\u00e9d\u00e9rale am\u00e9ricaine. [&hellip;]<\/p>\n","protected":false},"author":1772,"featured_media":26893,"comment_status":"closed","ping_status":"closed","sticky":false,"template":"","format":"standard","meta":{"fifu_image_url":"","fifu_image_alt":"","footnotes":""},"categories":[73,55],"tags":[],"class_list":["post-26892","post","type-post","status-publish","format-standard","has-post-thumbnail","hentry","category-actualite","category-tunisie"],"_links":{"self":[{"href":"https:\/\/linitiative.ca\/International\/wp-json\/wp\/v2\/posts\/26892","targetHints":{"allow":["GET"]}}],"collection":[{"href":"https:\/\/linitiative.ca\/International\/wp-json\/wp\/v2\/posts"}],"about":[{"href":"https:\/\/linitiative.ca\/International\/wp-json\/wp\/v2\/types\/post"}],"author":[{"embeddable":true,"href":"https:\/\/linitiative.ca\/International\/wp-json\/wp\/v2\/users\/1772"}],"replies":[{"embeddable":true,"href":"https:\/\/linitiative.ca\/International\/wp-json\/wp\/v2\/comments?post=26892"}],"version-history":[{"count":0,"href":"https:\/\/linitiative.ca\/International\/wp-json\/wp\/v2\/posts\/26892\/revisions"}],"wp:featuredmedia":[{"embeddable":true,"href":"https:\/\/linitiative.ca\/International\/wp-json\/"}],"wp:attachment":[{"href":"https:\/\/linitiative.ca\/International\/wp-json\/wp\/v2\/media?parent=26892"}],"wp:term":[{"taxonomy":"category","embeddable":true,"href":"https:\/\/linitiative.ca\/International\/wp-json\/wp\/v2\/categories?post=26892"},{"taxonomy":"post_tag","embeddable":true,"href":"https:\/\/linitiative.ca\/International\/wp-json\/wp\/v2\/tags?post=26892"}],"curies":[{"name":"wp","href":"https:\/\/api.w.org\/{rel}","templated":true}]}}