{"id":26894,"date":"2019-04-08T23:51:00","date_gmt":"2019-04-09T03:51:00","guid":{"rendered":"https:\/\/linitiative.ca\/International\/qui-participe-au-nom-de-la-tunisie-aux-reunions-du-printemps-a-washington\/"},"modified":"2019-04-08T23:51:00","modified_gmt":"2019-04-09T03:51:00","slug":"qui-participe-au-nom-de-la-tunisie-aux-reunions-du-printemps-a-washington","status":"publish","type":"post","link":"https:\/\/linitiative.ca\/International\/qui-participe-au-nom-de-la-tunisie-aux-reunions-du-printemps-a-washington\/","title":{"rendered":"Qui participe au nom de la Tunisie aux R\u00e9unions du Printemps \u00e0 Washington"},"content":{"rendered":"<p><strong>Taoufik Habaieb,<em>Envoy\u00e9 sp\u00e9cial de Leaders<\/em><\/strong> &#8211; El Abbassi, Chalghoum, Ladhari, Ben Yaghlane et Soukri-Cherif sont \u00e0 pied d&rsquo;oeuvre \u00e0 Washington DC.\u00a0Chacun y joue sa partition. Le gouverneur de la Banque centrale, le ministre des Finances et celui de l\u2019Investissement et de la Coop\u00e9ration internationale, ainsi que la directrice g\u00e9n\u00e9rale de la CDC et la d\u00e9put\u00e9e, vice-pr\u00e9sident du r\u00e9seau parlementaire global s\u2019investissent pleinement dans les diff\u00e9rentes manifestations des R\u00e9unions du Printemps du Groupe Banque Mondiale et FMI qui se tiennent tout au long de cette semaine \u00e0 Washington DC.<\/p>\n<p class=\"c2\"><img loading=\"lazy\" decoding=\"async\" src=\"\/uploads\/FCK_files\/Street6.jpg\" alt=\"\" width=\"700\" vspace=\"5\" hspace=\"5\" height=\"427\" align=\"middle\"\/><\/p>\n<p>Outre les multiples entretiens pr\u00e9vus \u00e0 leurs programmes, Marouane El Abbassi et Olfa Soukri-Cherif interviendront lors des tables rondes de la r\u00e9gion Afrique du Nord Moyen Orient qui seront organis\u00e9es mercredi, sous la pr\u00e9sidence de F\u00e9rid Belhadj, vice-pr\u00e9sident de la Banque mondiale. Ridha Chalghoum et Boutheina Ben Yaghlane participeront jeudi aux panels de discussion sur les Caisses des d\u00e9p\u00f4ts.<\/p>\n<p>Zied Ladhari prendra part avec son homologue \u00e9gyptienne Dr Sahar Nasr \u00e0 une table ronde sur le r\u00f4le de l\u2019investissement des institutions internationales et du secteur priv\u00e9 dans la promotion du d\u00e9veloppement \u00e9conomique qui se tiendra vendredi matin. Organis\u00e9e par la Chambre de Commerce des Etats-Unis en collaboration avec la Women in International Trade (WITT), cette manifestation s\u2019inscrit dans le programme du USAfica Business Center, \u00e0 l\u2019occasion des R\u00e9unions du Printemps.<\/p>\n<p>D\u2019autres repr\u00e9sentants de la soci\u00e9t\u00e9 civile tunisienne (I Watch&#8230;) s\u2019activent dans le forum d\u00e9di\u00e9 au r\u00f4le de la soci\u00e9t\u00e9 civile.<\/p>\n<p>Une participation tunisienne qui se veut intensive et utile.<\/p>\n<p class=\"c3\"><strong>Taoufik Habaieb<\/strong><\/p>\n<p class=\"c4\"><strong>Lire aussi<\/strong><\/p>\n<p class=\"c4\"><a href=\"https:\/\/www.leaders.com.tn\/article\/26865-olfa-soukri-cherif-reelue-a-washington-au-conseil-d-administration-du-reseau-parlementaire-mondial\" target=\"_blank\" rel=\"noopener noreferrer\">Olfa Soukri Cherif, r\u00e9\u00e9lue \u00e0 Washington au Conseil d\u2019administration du r\u00e9seau parlementaire mondial<\/a><br \/><a href=\"https:\/\/www.leaders.com.tn\/article\/26864-pourquoi-le-fmi-revoit-a-la-baisse-la-croissance-mondiale-en-2019\" target=\"_blank\" rel=\"noopener noreferrer\">Pourquoi le FMI revoit \u00e0 la baisse la croissance mondiale en 2019<\/a><br \/><a href=\"https:\/\/www.leaders.com.tn\/article\/26863-que-fait-yassine-brahim-a-washington-dc\" target=\"_blank\" rel=\"noopener noreferrer\">Que fait Yassine Brahim \u00e0 Washington DC<\/a><br \/><a href=\"https:\/\/www.leaders.com.tn\/article\/26856-l-agenda-charge-de-jhinaoui-a-new-york-et-washington-conseil-de-securite-sommet-arabe-libye\" target=\"_blank\" rel=\"noopener noreferrer\">L\u2019agenda charg\u00e9 de Jhinaoui \u00e0 New York et Washington : Conseil de S\u00e9curit\u00e9, Sommet arabe, Libye\u2026<\/a><\/p>\n<p>Auteur:<br \/>\n<a href=\"https:\/\/www.leaders.com.tn\/article\/26859-qui-participe-au-nom-de-la-tunisie-aux-reunions-du-printemps-a-washington\">Cliquez ici pour lire l&rsquo;article depuis sa source.<\/a><\/p>\n","protected":false},"excerpt":{"rendered":"<p>Taoufik Habaieb,Envoy\u00e9 sp\u00e9cial de Leaders &#8211; El Abbassi, Chalghoum, Ladhari, Ben Yaghlane et Soukri-Cherif sont \u00e0 pied d&rsquo;oeuvre \u00e0 Washington DC.\u00a0Chacun y joue sa partition. Le gouverneur de la Banque centrale, le ministre des Finances et celui de l\u2019Investissement et de la Coop\u00e9ration internationale, ainsi que la directrice g\u00e9n\u00e9rale de la CDC et la d\u00e9put\u00e9e, [&hellip;]<\/p>\n","protected":false},"author":1772,"featured_media":26895,"comment_status":"closed","ping_status":"closed","sticky":false,"template":"","format":"standard","meta":{"fifu_image_url":"","fifu_image_alt":"","footnotes":""},"categories":[73,55],"tags":[],"class_list":["post-26894","post","type-post","status-publish","format-standard","has-post-thumbnail","hentry","category-actualite","category-tunisie"],"_links":{"self":[{"href":"https:\/\/linitiative.ca\/International\/wp-json\/wp\/v2\/posts\/26894","targetHints":{"allow":["GET"]}}],"collection":[{"href":"https:\/\/linitiative.ca\/International\/wp-json\/wp\/v2\/posts"}],"about":[{"href":"https:\/\/linitiative.ca\/International\/wp-json\/wp\/v2\/types\/post"}],"author":[{"embeddable":true,"href":"https:\/\/linitiative.ca\/International\/wp-json\/wp\/v2\/users\/1772"}],"replies":[{"embeddable":true,"href":"https:\/\/linitiative.ca\/International\/wp-json\/wp\/v2\/comments?post=26894"}],"version-history":[{"count":0,"href":"https:\/\/linitiative.ca\/International\/wp-json\/wp\/v2\/posts\/26894\/revisions"}],"wp:featuredmedia":[{"embeddable":true,"href":"https:\/\/linitiative.ca\/International\/wp-json\/"}],"wp:attachment":[{"href":"https:\/\/linitiative.ca\/International\/wp-json\/wp\/v2\/media?parent=26894"}],"wp:term":[{"taxonomy":"category","embeddable":true,"href":"https:\/\/linitiative.ca\/International\/wp-json\/wp\/v2\/categories?post=26894"},{"taxonomy":"post_tag","embeddable":true,"href":"https:\/\/linitiative.ca\/International\/wp-json\/wp\/v2\/tags?post=26894"}],"curies":[{"name":"wp","href":"https:\/\/api.w.org\/{rel}","templated":true}]}}