{"id":26901,"date":"2019-04-09T06:00:00","date_gmt":"2019-04-09T10:00:00","guid":{"rendered":"https:\/\/linitiative.ca\/International\/lenigme-bensalah\/"},"modified":"2019-04-09T06:00:00","modified_gmt":"2019-04-09T10:00:00","slug":"lenigme-bensalah","status":"publish","type":"post","link":"https:\/\/linitiative.ca\/International\/lenigme-bensalah\/","title":{"rendered":"L\u2019\u00e9nigme Bensalah"},"content":{"rendered":"<p>Le pays s\u2019appr\u00eate \u00e0 vivre une journ\u00e9e tr\u00e8s tendue aujourd\u2019hui. Les deux Chambres du Parlement se r\u00e9unissent ce matin pour constater la vacance du poste de pr\u00e9sident de la R\u00e9publique. Sauf surprise de derni\u00e8re minute, Abdelkader Bensalah sera d\u00e9sign\u00e9 d\u2019office chef d\u2019Etat par int\u00e9rim, ce qui va \u00e0 l\u2019encontre des revendications du mouvement populaire qui a appel\u00e9 \u00e0 une forte mobilisation de rue durant la journ\u00e9e.<br \/>Abla Ch\u00e9rif &#8211; Alger (Le Soir) &#8211; L\u2019enjeu est de taille et focalise l\u2019attention de tous les Alg\u00e9riens depuis une semaine. Il permettra en particulier de juger et \u00e9valuer la d\u00e9marche dans laquelle s\u2019inscrit Ga\u00efd Salah qui demeure seul ma\u00eetre \u00e0 bord depuis la d\u00e9mission de Abdelaziz Bouteflika, le 2 avril dernier. Celui-ci a affirm\u00e9 \u00e0 plusieurs reprises que son intrusion sur la sc\u00e8ne politique ne devait \u00eatre per\u00e7ue que comme une r\u00e9ponse aux revendications populaires.<br \/>Une semaine auparavant, il avait hauss\u00e9 le ton exigeant l\u2019application imm\u00e9diate de l\u2019article 102 ce qui a eu pour effet d\u2019acc\u00e9l\u00e9rer la d\u00e9mission du Pr\u00e9sident entr\u00e9 un court moment dans un bras de fer sans issue. Dans son dernier discours, le chef d\u2019\u00e9tat-major avait tenu, une fois de plus, \u00e0 mettre en avant les exigences de la rue pour justifier son intervention.<br \/>Victorieuse, cette rue s\u2019est mobilis\u00e9e davantage les vendredis suivants r\u00e9clamant le \u00abd\u00e9part de tous\u00bb, sachant pertinemment que la prochaine \u00e9tape \u00e0 franchir est celle de Bensalah. Pour l\u2019heure, et durant toute la semaine, aucun signe d\u00e9montrant que le processus allait dans ce sens n\u2019a \u00e9t\u00e9 enregistr\u00e9 d\u2019un point de vue officiel. Un \u00e9ditorial du quotidien d\u2019Etat El-Moudjahid a cependant attir\u00e9 l\u2019attention dimanche. \u00abLe peuple a \u00e9t\u00e9 clair dans ses revendications vendredi, \u00abd\u00e9part du nouveau gouvernement, d\u00e9part du trio Bedoui-Bela\u00efz Bensalah, commission ind\u00e9pendante d\u2019organisation des \u00e9lections et jugement de la bande\u00bb, \u00e9crivait alors le journal tout en estimant qu\u2019un \u00abtel programme n\u2019est ni d\u00e9raisonnable ni difficile \u00e0 r\u00e9aliser\u00bb et qu\u2019il n\u2019\u00e9tait pas \u00abimpossible de trouver un homme consensuel ayant l\u2019\u00e9toffe et le sens de l\u2019Etat pour conduire cette courte transition\u00bb. Lundi, El-Moudjahid est cependant revenu sur le sujet, en \u00e9ditorial toujours, mais pour affirmer cette fois que ce ne sont pas \u00ables figures du syst\u00e8me qui organisent la transition, elles ne sont l\u00e0 que pour une p\u00e9riode tr\u00e8s courte et vont dispara\u00eetre juste apr\u00e8s. Pour le pr\u00e9sident int\u00e9rimaire par exemple, c\u2019est d\u2019assurer la continuit\u00e9 de l\u2019Etat car il n\u2019est pas candidat \u00e0 l\u2019\u00e9lection pr\u00e9sidentielle, et celui du gouvernement r\u00e9side dans l\u2019appui logistique. L\u2019enjeu principal (\u2026) r\u00e9side dans la mise en place d\u2019une commission ind\u00e9pendante charg\u00e9e, non pas de la surveillance des \u00e9lections mais de tout le processus \u00e9lectoral\u00bb. Changement de programme ? Confusion ? Dans ce contexte marqu\u00e9 par de nombreuses interrogations, les deux Chambres du Parlement ont donc pr\u00e9vu (et en vertu de la l\u00e9gislation) de se r\u00e9unir aujourd\u2019hui au Palais des Nations. C\u2019est la seconde \u00e9tape de la mise en application de l\u2019article 102 qui devrait, sauf \u00e9v\u00e8nement de derni\u00e8re minute, aboutir \u00e0 la d\u00e9signation d\u2019office de Bensalah chef d\u2019Etat int\u00e9rimaire pour une p\u00e9riode de 90 jours. Il se trouve que cette r\u00e9union se d\u00e9roulera en l\u2019absence de plusieurs groupes parlementaires. Le MSP, le RCD, le FFS, le PT puisqu\u2019il a d\u00e9cid\u00e9 de d\u00e9missionner de l\u2019APN, et El Adala ont d\u00e9cid\u00e9 de boycotter cette c\u00e9r\u00e9monie. Dans une d\u00e9claration faite \u00e0 la presse hier, le charg\u00e9 de communication du FLN a, de son c\u00f4t\u00e9, exig\u00e9 la d\u00e9mission de Abdelkader Bensalah.<br \/>Les Alg\u00e9riens ont d\u00e9cid\u00e9 de faire de cette \u00e9ch\u00e9ance une date importante dans le mouvement de contestation en cours depuis le 22 f\u00e9vrier dernier, et appel\u00e9, de ce fait, \u00e0 une forte mobilisation durant la journ\u00e9e. Cet appel co\u00efncide avec la manifestation hebdomadaire (les mardis) des \u00e9tudiants.<br \/>A. C.<\/p>\n<p>Auteur:<br \/>\n<a href=\"https:\/\/www.lesoirdalgerie.com\/actualites\/lenigme-bensalah-22025\">Cliquez ici pour lire l&rsquo;article depuis sa source.<\/a><\/p>\n","protected":false},"excerpt":{"rendered":"<p>Le pays s\u2019appr\u00eate \u00e0 vivre une journ\u00e9e tr\u00e8s tendue aujourd\u2019hui. Les deux Chambres du Parlement se r\u00e9unissent ce matin pour constater la vacance du poste de pr\u00e9sident de la R\u00e9publique. Sauf surprise de derni\u00e8re minute, Abdelkader Bensalah sera d\u00e9sign\u00e9 d\u2019office chef d\u2019Etat par int\u00e9rim, ce qui va \u00e0 l\u2019encontre des revendications du mouvement populaire qui [&hellip;]<\/p>\n","protected":false},"author":1741,"featured_media":0,"comment_status":"closed","ping_status":"closed","sticky":false,"template":"","format":"standard","meta":{"fifu_image_url":"","fifu_image_alt":"","footnotes":""},"categories":[73,53],"tags":[],"class_list":["post-26901","post","type-post","status-publish","format-standard","hentry","category-actualite","category-algerie"],"_links":{"self":[{"href":"https:\/\/linitiative.ca\/International\/wp-json\/wp\/v2\/posts\/26901","targetHints":{"allow":["GET"]}}],"collection":[{"href":"https:\/\/linitiative.ca\/International\/wp-json\/wp\/v2\/posts"}],"about":[{"href":"https:\/\/linitiative.ca\/International\/wp-json\/wp\/v2\/types\/post"}],"author":[{"embeddable":true,"href":"https:\/\/linitiative.ca\/International\/wp-json\/wp\/v2\/users\/1741"}],"replies":[{"embeddable":true,"href":"https:\/\/linitiative.ca\/International\/wp-json\/wp\/v2\/comments?post=26901"}],"version-history":[{"count":0,"href":"https:\/\/linitiative.ca\/International\/wp-json\/wp\/v2\/posts\/26901\/revisions"}],"wp:attachment":[{"href":"https:\/\/linitiative.ca\/International\/wp-json\/wp\/v2\/media?parent=26901"}],"wp:term":[{"taxonomy":"category","embeddable":true,"href":"https:\/\/linitiative.ca\/International\/wp-json\/wp\/v2\/categories?post=26901"},{"taxonomy":"post_tag","embeddable":true,"href":"https:\/\/linitiative.ca\/International\/wp-json\/wp\/v2\/tags?post=26901"}],"curies":[{"name":"wp","href":"https:\/\/api.w.org\/{rel}","templated":true}]}}