{"id":26902,"date":"2019-04-09T06:00:00","date_gmt":"2019-04-09T10:00:00","guid":{"rendered":"https:\/\/linitiative.ca\/International\/une-femme-et-un-homme-dans-la-foule\/"},"modified":"2019-04-09T06:00:00","modified_gmt":"2019-04-09T10:00:00","slug":"une-femme-et-un-homme-dans-la-foule","status":"publish","type":"post","link":"https:\/\/linitiative.ca\/International\/une-femme-et-un-homme-dans-la-foule\/","title":{"rendered":"Une femme et un homme dans la foule"},"content":{"rendered":"<p>Assia vit \u00e0 Montr\u00e9al depuis 18 ans. Quand elle \u00e9tait en Alg\u00e9rie, elle couvait les col\u00e8res de sa g\u00e9n\u00e9ration mais elle nous dit, avec beaucoup de sinc\u00e9rit\u00e9 et un peu de regret tu mais perceptible dans le regard, qu\u2019elle n\u2019\u00e9tait pas sp\u00e9cialement une grande r\u00e9volt\u00e9e. Elle est n\u00e9e \u00e0 Mostaganem et y a grandi, avant de s\u2019\u00e9tablir \u00e0 Alger apr\u00e8s avoir transit\u00e9 par Oran o\u00f9 elle avait fait ses \u00e9tudes de sociologie. Ne comptez surtout pas sur elle pour vous dire la d\u00e9tresse d\u2019une dipl\u00f4m\u00e9e sans perspective de promotion sociale. Assia a rapidement trouv\u00e9 un boulot, s\u2019est mari\u00e9e et aurait pu couler une vie tranquille avec son \u00e9poux et les enfants qui allaient venir. Les enfants sont venus mais au Canada. \u00ab Nous sommes partis parce qu\u2019on \u00e9touffait .\u00bb Quand elle a port\u00e9 sa main sur le haut de sa poitrine, il \u00e9tait difficile de deviner si elle mimait un appel d\u2019air expliquant son exil ou le soulagement de la respiration retrouv\u00e9e \u00e0 son retour : le premier depuis pr\u00e8s de 20 ans. Assia a pris un cong\u00e9 sp\u00e9cial de deux semaines pour venir sentir les palpitations du pays en marche vers ses r\u00eaves de libert\u00e9. Assia que nous avons rencontr\u00e9e il y a trois vendredis devant la Grande-Poste nous a quitt\u00e9s sur cette note d\u2019humour : j\u2019esp\u00e8re que la r\u00e9volution aboutira rapidement mais je pense quand m\u00eame \u00e0 mon mari qui compte venir juste apr\u00e8s mon retour. Il sera frustr\u00e9 de ne pas vivre \u00e7a ! Youcef vit dans le nord de la France o\u00f9 il est parti reprendre le restaurant de son p\u00e8re d\u00e9c\u00e9d\u00e9 il y a une dizaine d\u2019ann\u00e9es. Il aurait pu partir avant mais il n\u2019y a jamais song\u00e9. Eh oui, des jeunes Alg\u00e9riens comme lui sont rares mais \u00e7a existe. Youcef a abandonn\u00e9 son prosp\u00e8re magasin de Jijel et il est all\u00e9 prendre la place du paternel : \u00ab Chez nous, il n\u2019y a pas de regroupement familial, mon p\u00e8re est parti au d\u00e9but des ann\u00e9es 70 et il y est rest\u00e9 jusqu\u2019\u00e0 sa mort. Il a toujours fonctionn\u00e9 dans la pure tradition des premiers migrants alg\u00e9riens : le p\u00e8re va chercher le pain et le reste de la famille reste au bled. C\u2019est ringard mais c\u2019est comme \u00e7a .\u00bb Pour autant, Youcef ne tient pas tout de son g\u00e9niteur. De son vivant, il ne partageait pas grand-chose de ce qu\u2019il pensait. Surtout pas quand il soutenait mordicus que le pays est bon \u00e0 vivre et quand il accable les jeunes qui veulent s\u2019installer \u00e0 l\u2019\u00e9tranger : \u00ab Mon p\u00e8re \u00e9tait sinc\u00e8re mais je lui disais souvent que le patriotisme, ce n\u2019est pas de dire que tout va bien quand \u00e7a va mal .\u00bb Non, Youcef ne tient pas tout de son p\u00e8re. Avant de continuer sa marche, il nous fait cette confidence en rigolant : \u00ab Mon p\u00e8re va se retourner dans sa tombe, s\u2019il apprenait que j\u2019ai laiss\u00e9 un Fran\u00e7ais tenir la baraque pendant mon voyage. Mais il y a plus grave : \u00e7a fait une semaine que je suis en Alg\u00e9rie et je n\u2019ai pas encore \u00e9t\u00e9 \u00e0 Jijel, parce que j\u2019attendais le vendredi \u00e0 Alger ! Quand j\u2019ai vu les images des manifestations \u00e0 la t\u00e9l\u00e9, je me suis dit que si je ne vivais pas \u00e7a, ma vie n\u2019aurait plus de sens \u00bb !<br \/>S. L.<\/p>\n<p>Auteur:<br \/>\n<a href=\"https:\/\/www.lesoirdalgerie.com\/constances\/une-femme-et-un-homme-dans-la-foule-22024\">Cliquez ici pour lire l&rsquo;article depuis sa source.<\/a><\/p>\n","protected":false},"excerpt":{"rendered":"<p>Assia vit \u00e0 Montr\u00e9al depuis 18 ans. Quand elle \u00e9tait en Alg\u00e9rie, elle couvait les col\u00e8res de sa g\u00e9n\u00e9ration mais elle nous dit, avec beaucoup de sinc\u00e9rit\u00e9 et un peu de regret tu mais perceptible dans le regard, qu\u2019elle n\u2019\u00e9tait pas sp\u00e9cialement une grande r\u00e9volt\u00e9e. Elle est n\u00e9e \u00e0 Mostaganem et y a grandi, avant [&hellip;]<\/p>\n","protected":false},"author":1741,"featured_media":0,"comment_status":"closed","ping_status":"closed","sticky":false,"template":"","format":"standard","meta":{"fifu_image_url":"","fifu_image_alt":"","footnotes":""},"categories":[73,53],"tags":[],"class_list":["post-26902","post","type-post","status-publish","format-standard","hentry","category-actualite","category-algerie"],"_links":{"self":[{"href":"https:\/\/linitiative.ca\/International\/wp-json\/wp\/v2\/posts\/26902","targetHints":{"allow":["GET"]}}],"collection":[{"href":"https:\/\/linitiative.ca\/International\/wp-json\/wp\/v2\/posts"}],"about":[{"href":"https:\/\/linitiative.ca\/International\/wp-json\/wp\/v2\/types\/post"}],"author":[{"embeddable":true,"href":"https:\/\/linitiative.ca\/International\/wp-json\/wp\/v2\/users\/1741"}],"replies":[{"embeddable":true,"href":"https:\/\/linitiative.ca\/International\/wp-json\/wp\/v2\/comments?post=26902"}],"version-history":[{"count":0,"href":"https:\/\/linitiative.ca\/International\/wp-json\/wp\/v2\/posts\/26902\/revisions"}],"wp:attachment":[{"href":"https:\/\/linitiative.ca\/International\/wp-json\/wp\/v2\/media?parent=26902"}],"wp:term":[{"taxonomy":"category","embeddable":true,"href":"https:\/\/linitiative.ca\/International\/wp-json\/wp\/v2\/categories?post=26902"},{"taxonomy":"post_tag","embeddable":true,"href":"https:\/\/linitiative.ca\/International\/wp-json\/wp\/v2\/tags?post=26902"}],"curies":[{"name":"wp","href":"https:\/\/api.w.org\/{rel}","templated":true}]}}