{"id":26911,"date":"2019-04-09T03:30:26","date_gmt":"2019-04-09T07:30:26","guid":{"rendered":"https:\/\/linitiative.ca\/International\/il-fait-lactu-nasser-bourita-ministre-des-affaires-etrangeres-et-de-la-cooperation-internationale\/"},"modified":"2019-04-09T03:30:26","modified_gmt":"2019-04-09T07:30:26","slug":"il-fait-lactu-nasser-bourita-ministre-des-affaires-etrangeres-et-de-la-cooperation-internationale","status":"publish","type":"post","link":"https:\/\/linitiative.ca\/International\/il-fait-lactu-nasser-bourita-ministre-des-affaires-etrangeres-et-de-la-cooperation-internationale\/","title":{"rendered":"Il fait l\u2019actu : Nasser Bourita, ministre des Affaires \u00e9trang\u00e8res et de la Coop\u00e9ration internationale"},"content":{"rendered":"<p>Il a re\u00e7u, lundi \u00e0 Rabat, le sous-secr\u00e9taire d\u2019Etat aux affaires politiques des <strong>\u00c9tats-Unis<\/strong>, l\u2019ambassadeur David Hale.<\/p>\n<div class=\"c10\"\/>\n<p>Lors de cette visite, qui s\u2019inscrit dans le cadre du partenariat strat\u00e9gique entre les deux pays, <strong>Nasser Bourita<\/strong> et <strong>David Hale<\/strong> ont discut\u00e9 des moyens \u00e0 m\u00eame de renforcer davantage le dialogue strat\u00e9gique, ainsi que la concertation sur les questions r\u00e9gionales d\u2019int\u00e9r\u00eat commun, indique le minist\u00e8re des Affaires \u00e9trang\u00e8res et de la Coop\u00e9ration internationale.<\/p>\n<div class=\"c17\">\n<fieldset class=\"c16\">\n<legend><strong><span class=\"c11\">Challenge<\/span><span class=\"c12\">news<\/span><\/strong><\/legend>\n<div class=\"c15\">Le meilleur de la r\u00e9daction s\u00e9lectionn\u00e9 par Challenge :<\/p>\n<\/div>\n<\/fieldset>\n<\/div>\n<p>Auteur: Karim Handaoui<br \/>\n<a href=\"https:\/\/www.challenge.ma\/il-fait-lactu-nasser-bourita-ministre-des-affaires-etrangeres-et-de-la-cooperation-internationale-2-107442\/\">Cliquez ici pour lire l&rsquo;article depuis sa source.<\/a><\/p>\n","protected":false},"excerpt":{"rendered":"<p>Il a re\u00e7u, lundi \u00e0 Rabat, le sous-secr\u00e9taire d\u2019Etat aux affaires politiques des \u00c9tats-Unis, l\u2019ambassadeur David Hale. Lors de cette visite, qui s\u2019inscrit dans le cadre du partenariat strat\u00e9gique entre les deux pays, Nasser Bourita et David Hale ont discut\u00e9 des moyens \u00e0 m\u00eame de renforcer davantage le dialogue strat\u00e9gique, ainsi que la concertation sur [&hellip;]<\/p>\n","protected":false},"author":1787,"featured_media":0,"comment_status":"closed","ping_status":"closed","sticky":false,"template":"","format":"standard","meta":{"fifu_image_url":"","fifu_image_alt":"","footnotes":""},"categories":[78,54],"tags":[],"class_list":["post-26911","post","type-post","status-publish","format-standard","hentry","category-economie","category-maroc"],"_links":{"self":[{"href":"https:\/\/linitiative.ca\/International\/wp-json\/wp\/v2\/posts\/26911","targetHints":{"allow":["GET"]}}],"collection":[{"href":"https:\/\/linitiative.ca\/International\/wp-json\/wp\/v2\/posts"}],"about":[{"href":"https:\/\/linitiative.ca\/International\/wp-json\/wp\/v2\/types\/post"}],"author":[{"embeddable":true,"href":"https:\/\/linitiative.ca\/International\/wp-json\/wp\/v2\/users\/1787"}],"replies":[{"embeddable":true,"href":"https:\/\/linitiative.ca\/International\/wp-json\/wp\/v2\/comments?post=26911"}],"version-history":[{"count":0,"href":"https:\/\/linitiative.ca\/International\/wp-json\/wp\/v2\/posts\/26911\/revisions"}],"wp:attachment":[{"href":"https:\/\/linitiative.ca\/International\/wp-json\/wp\/v2\/media?parent=26911"}],"wp:term":[{"taxonomy":"category","embeddable":true,"href":"https:\/\/linitiative.ca\/International\/wp-json\/wp\/v2\/categories?post=26911"},{"taxonomy":"post_tag","embeddable":true,"href":"https:\/\/linitiative.ca\/International\/wp-json\/wp\/v2\/tags?post=26911"}],"curies":[{"name":"wp","href":"https:\/\/api.w.org\/{rel}","templated":true}]}}