{"id":26912,"date":"2019-04-09T05:40:33","date_gmt":"2019-04-09T09:40:33","guid":{"rendered":"https:\/\/linitiative.ca\/International\/emirates-deux-vols-par-jour-casablanca-dubai-a-compter-de-juin\/"},"modified":"2019-04-09T05:40:33","modified_gmt":"2019-04-09T09:40:33","slug":"emirates-deux-vols-par-jour-casablanca-dubai-a-compter-de-juin","status":"publish","type":"post","link":"https:\/\/linitiative.ca\/International\/emirates-deux-vols-par-jour-casablanca-dubai-a-compter-de-juin\/","title":{"rendered":"Emirates : deux vols par jour Casablanca \u2013 Duba\u00ef \u00e0 compter de juin"},"content":{"rendered":"<p>La compagnie a\u00e9rienne Emirates renforcera la ligne <strong>Casablanca \u2013 Duba\u00ef<\/strong> par une nouvelle desserte et ce, \u00e0 compter du 1er juin prochain.<\/p>\n<div class=\"c10\"\/>\n<p>En plus du vol quotidien op\u00e9r\u00e9 en A380, <strong>Emirates<\/strong> op\u00e9rera un second vol en Boeing 777-300ER. Le vol additionnel EK753 d\u00e9collera de Duba\u00ef \u00e0 3h10 du matin pour arriver \u00e0 Casablanca \u00e0 08h20. Le vol retour EK754 repartira de Casablanca \u00e0 19h45 pour se poser \u00e0 Duba\u00ef le lendemain \u00e0 06h15.<\/p>\n<p>Le triple 7 restera donc \u00e0 Casablanca pendant la journ\u00e9e en stationnement.<\/p>\n<p>Lire aussi : <a href=\"https:\/\/www.challenge.ma\/emirates-a-double-nombre-de-passagers-96976\/\" target=\"_blank\" rel=\"noopener noreferrer\">Emirates a doubl\u00e9 le nombre de ses passagers<\/a><\/p>\n<div class=\"c17\">\n<fieldset class=\"c16\">\n<legend><strong><span class=\"c11\">Challenge<\/span><span class=\"c12\">news<\/span><\/strong><\/legend>\n<div class=\"c15\">Le meilleur de la r\u00e9daction s\u00e9lectionn\u00e9 par Challenge :<\/p>\n<\/div>\n<\/fieldset>\n<\/div>\n<p>Auteur: Hassan Manyani<br \/>\n<a href=\"https:\/\/www.challenge.ma\/emirates-deux-vols-par-jour-casablanca-dubai-a-compter-de-juin-107448\/\">Cliquez ici pour lire l&rsquo;article depuis sa source.<\/a><\/p>\n","protected":false},"excerpt":{"rendered":"<p>La compagnie a\u00e9rienne Emirates renforcera la ligne Casablanca \u2013 Duba\u00ef par une nouvelle desserte et ce, \u00e0 compter du 1er juin prochain. En plus du vol quotidien op\u00e9r\u00e9 en A380, Emirates op\u00e9rera un second vol en Boeing 777-300ER. Le vol additionnel EK753 d\u00e9collera de Duba\u00ef \u00e0 3h10 du matin pour arriver \u00e0 Casablanca \u00e0 08h20. [&hellip;]<\/p>\n","protected":false},"author":1787,"featured_media":0,"comment_status":"closed","ping_status":"closed","sticky":false,"template":"","format":"standard","meta":{"fifu_image_url":"","fifu_image_alt":"","footnotes":""},"categories":[78,54],"tags":[],"class_list":["post-26912","post","type-post","status-publish","format-standard","hentry","category-economie","category-maroc"],"_links":{"self":[{"href":"https:\/\/linitiative.ca\/International\/wp-json\/wp\/v2\/posts\/26912","targetHints":{"allow":["GET"]}}],"collection":[{"href":"https:\/\/linitiative.ca\/International\/wp-json\/wp\/v2\/posts"}],"about":[{"href":"https:\/\/linitiative.ca\/International\/wp-json\/wp\/v2\/types\/post"}],"author":[{"embeddable":true,"href":"https:\/\/linitiative.ca\/International\/wp-json\/wp\/v2\/users\/1787"}],"replies":[{"embeddable":true,"href":"https:\/\/linitiative.ca\/International\/wp-json\/wp\/v2\/comments?post=26912"}],"version-history":[{"count":0,"href":"https:\/\/linitiative.ca\/International\/wp-json\/wp\/v2\/posts\/26912\/revisions"}],"wp:attachment":[{"href":"https:\/\/linitiative.ca\/International\/wp-json\/wp\/v2\/media?parent=26912"}],"wp:term":[{"taxonomy":"category","embeddable":true,"href":"https:\/\/linitiative.ca\/International\/wp-json\/wp\/v2\/categories?post=26912"},{"taxonomy":"post_tag","embeddable":true,"href":"https:\/\/linitiative.ca\/International\/wp-json\/wp\/v2\/tags?post=26912"}],"curies":[{"name":"wp","href":"https:\/\/api.w.org\/{rel}","templated":true}]}}