{"id":26917,"date":"2019-04-09T10:32:59","date_gmt":"2019-04-09T14:32:59","guid":{"rendered":"https:\/\/linitiative.ca\/International\/rabat-la-vente-par-adjudication-des-lieges-rapporte-115-mdh\/"},"modified":"2019-04-09T10:32:59","modified_gmt":"2019-04-09T14:32:59","slug":"rabat-la-vente-par-adjudication-des-lieges-rapporte-115-mdh","status":"publish","type":"post","link":"https:\/\/linitiative.ca\/International\/rabat-la-vente-par-adjudication-des-lieges-rapporte-115-mdh\/","title":{"rendered":"Rabat : la vente par adjudication des li\u00e8ges rapporte 115 MDH"},"content":{"rendered":"<p>La vente par adjudication des <strong>li\u00e8ges<\/strong> au niveau national, organis\u00e9e le 14 mars \u00e0 Rabat, a rapport\u00e9 une recette de 115 millions de dirhams, dont 92 millions au profit des communes, a indiqu\u00e9 le Haut-commissariat aux eaux et for\u00eats et \u00e0 la lutte contre la d\u00e9sertification.<\/p>\n<div class=\"c10\"\/>\n<p>Cette vente qui a port\u00e9 au total sur 118.000 st\u00e8res, unit\u00e9 de mesure des volumes de stockage de bois de chauffage, dont 103.325 st\u00e8res de li\u00e8ge de reproduction et 14.283 de li\u00e8ge m\u00e2le, a-t-il pr\u00e9cis\u00e9 mardi dans un communiqu\u00e9.<\/p>\n<p>Elle a rapport\u00e9 une recette hors taxe de 115 millions de DH dont 92 millions au profit des communes dont rel\u00e8vent les suberaies objet de la r\u00e9colte des li\u00e8ges, soit presque le m\u00eame niveau que l\u2019ann\u00e9e 2018, mais une augmentation de 99% par rapport \u00e0 l\u2019ann\u00e9e 2017.<\/p>\n<p>Cette augmentation des recettes est due surtout \u00e0 une bonne campagne de r\u00e9colte caract\u00e9ris\u00e9e par des conditions climatiques favorables \u00e0 la lev\u00e9e de li\u00e8ge, ce qui a permis d\u2019avoir un volume important. Par contre, on a constat\u00e9 une correction des prix qui sont revenus \u00e0 leur niveau de 2017, pr\u00e9cise-t-on de m\u00eame source.<\/p>\n<p>Les suberaies marocaines approvisionnent 10 unit\u00e9s industrielles de transformation et de valorisation de li\u00e8ge qui emploient un effectif global de pr\u00e8s de mille personnes. La production nationale de li\u00e8ge transform\u00e9 est destin\u00e9e \u00e0 hauteur de 95% au march\u00e9 ext\u00e9rieur.<\/p>\n<p>En plaine, la p\u00e9riode de r\u00e9colte du li\u00e8ge s\u2019\u00e9tend en g\u00e9n\u00e9ral du 15 mai au 15 juillet, alors qu\u2019en montagne, elle est d\u00e9cal\u00e9e d\u2019un mois (du 15 juin au 15 ao\u00fbt).<\/p>\n<p>Deux semaines avant le d\u00e9but de la r\u00e9colte, des tests sont r\u00e9alis\u00e9s pour s\u2019assurer de la mont\u00e9e de s\u00e8ve. Celle-ci permet en effet un meilleur d\u00e9collement du li\u00e8ge de l\u2019arbre, et il faut compter entre 8 et 12 ans pour que le li\u00e8ge \u00ab\u00a0repousse\u00a0\u00bb sur l\u2019arbre.<\/p>\n<p>Les for\u00eats de ch\u00eane-li\u00e8ge permettent la production de quelque 5.000 tonnes de glands, 8.000 tonnes de bois de feu, 24 millions d\u2019unit\u00e9s fourrag\u00e8res par an ou encore quelque 40 tonnes de truffes blanches et de champignons.<\/p>\n<p>D\u2019apr\u00e8s le Haut-commissariat, les activit\u00e9s de r\u00e9colte de li\u00e8ge, de sylviculture et de conduite des peuplements de ch\u00eane li\u00e8ge g\u00e9n\u00e8rent annuellement pr\u00e8s de 250.000 journ\u00e9es de travail en milieu rural.<\/p>\n<p>Localis\u00e9es dans les r\u00e9gions du nord (Est et Ouest) du Maroc, les for\u00eats de ch\u00eane-li\u00e8ge s\u2019\u00e9tendent sur 377.000 ha, ce qui repr\u00e9sente 6,5% des for\u00eats naturelles du Royaume. Au niveau mondial, le Portugal, l\u2019Espagne, la France et l\u2019Italie concentrent les deux tiers des superficies mondiales de ch\u00eane li\u00e8ge, le reste \u00e9tant partag\u00e9 entre la Tunisie, l\u2019Alg\u00e9rie et le Maroc, leader en la mati\u00e8re \u00e0 l\u2019\u00e9chelle r\u00e9gionale.<\/p>\n<div class=\"c17\">\n<fieldset class=\"c16\">\n<legend><strong><span class=\"c11\">Challenge<\/span><span class=\"c12\">news<\/span><\/strong><\/legend>\n<div class=\"c15\">Le meilleur de la r\u00e9daction s\u00e9lectionn\u00e9 par Challenge :<\/p>\n<\/div>\n<\/fieldset>\n<\/div>\n<p>Auteur: challenge<br \/>\n<a href=\"https:\/\/www.challenge.ma\/rabat-la-vente-par-adjudication-des-lieges-rapporte-115-mdh-107464\/\">Cliquez ici pour lire l&rsquo;article depuis sa source.<\/a><\/p>\n","protected":false},"excerpt":{"rendered":"<p>La vente par adjudication des li\u00e8ges au niveau national, organis\u00e9e le 14 mars \u00e0 Rabat, a rapport\u00e9 une recette de 115 millions de dirhams, dont 92 millions au profit des communes, a indiqu\u00e9 le Haut-commissariat aux eaux et for\u00eats et \u00e0 la lutte contre la d\u00e9sertification. Cette vente qui a port\u00e9 au total sur 118.000 [&hellip;]<\/p>\n","protected":false},"author":1787,"featured_media":0,"comment_status":"closed","ping_status":"closed","sticky":false,"template":"","format":"standard","meta":{"fifu_image_url":"","fifu_image_alt":"","footnotes":""},"categories":[78,54],"tags":[],"class_list":["post-26917","post","type-post","status-publish","format-standard","hentry","category-economie","category-maroc"],"_links":{"self":[{"href":"https:\/\/linitiative.ca\/International\/wp-json\/wp\/v2\/posts\/26917","targetHints":{"allow":["GET"]}}],"collection":[{"href":"https:\/\/linitiative.ca\/International\/wp-json\/wp\/v2\/posts"}],"about":[{"href":"https:\/\/linitiative.ca\/International\/wp-json\/wp\/v2\/types\/post"}],"author":[{"embeddable":true,"href":"https:\/\/linitiative.ca\/International\/wp-json\/wp\/v2\/users\/1787"}],"replies":[{"embeddable":true,"href":"https:\/\/linitiative.ca\/International\/wp-json\/wp\/v2\/comments?post=26917"}],"version-history":[{"count":0,"href":"https:\/\/linitiative.ca\/International\/wp-json\/wp\/v2\/posts\/26917\/revisions"}],"wp:attachment":[{"href":"https:\/\/linitiative.ca\/International\/wp-json\/wp\/v2\/media?parent=26917"}],"wp:term":[{"taxonomy":"category","embeddable":true,"href":"https:\/\/linitiative.ca\/International\/wp-json\/wp\/v2\/categories?post=26917"},{"taxonomy":"post_tag","embeddable":true,"href":"https:\/\/linitiative.ca\/International\/wp-json\/wp\/v2\/tags?post=26917"}],"curies":[{"name":"wp","href":"https:\/\/api.w.org\/{rel}","templated":true}]}}