{"id":26949,"date":"2019-04-09T16:50:01","date_gmt":"2019-04-09T20:50:01","guid":{"rendered":"https:\/\/linitiative.ca\/International\/algerie-bensalah-promet-un-scrutin-presidentiel-transparent-et-regulier-tv-nationale\/"},"modified":"2019-04-09T16:50:01","modified_gmt":"2019-04-09T20:50:01","slug":"algerie-bensalah-promet-un-scrutin-presidentiel-transparent-et-regulier-tv-nationale","status":"publish","type":"post","link":"https:\/\/linitiative.ca\/International\/algerie-bensalah-promet-un-scrutin-presidentiel-transparent-et-regulier-tv-nationale\/","title":{"rendered":"Alg\u00e9rie: Bensalah promet \u00ab\u00a0un scrutin pr\u00e9sidentiel transparent et r\u00e9gulier\u00a0\u00bb (TV nationale)"},"content":{"rendered":"<div readability=\"32\">\n<p>Publi\u00e9 le 09.04.2019 \u00e0 21h50 par AFP<\/p>\n<\/div>\n<div readability=\"83\">\n<p>Le pr\u00e9sident par int\u00e9rim alg\u00e9rien Abdelkader Bensalah s\u2019est engag\u00e9 mardi \u00e0 organiser \u00ab\u00a0un scrutin pr\u00e9sidentiel transparent et r\u00e9gulier\u00a0\u00bb, dans un discours \u00e0 la Nation retransmis \u00e0 la t\u00e9l\u00e9vision nationale.<\/p>\n<p>\u00ab\u00a0Nous sommes tenus de concourir, citoyens, classe politique et institutions de l\u2019Etat, afin de r\u00e9unir les conditions, toutes les conditions, d\u2019un scrutin pr\u00e9sidentiel transparent et r\u00e9gulier, dont nous serons tous les garants, un scrutin qui permettra \u00e0 notre peuple d\u2019exercer son choix libre et souverain\u00a0\u00bb, a-t-il d\u00e9clar\u00e9.<\/p>\n<p>M. Bensalah s\u2019est engag\u00e9 \u00e0 organiser le scrutin sous 90 jours, comme pr\u00e9vu par la Constitution.<\/p>\n<p>\u00ab\u00a0Le tournant que va traverser notre pays d\u00e9butera par une phase d\u00e9cisive qui consistera \u00e0 remettre, constitutionnellement, les pouvoirs au Pr\u00e9sident de la R\u00e9publique d\u00e9mocratiquement \u00e9lu, dans un d\u00e9lai qui ne saurait d\u00e9passer les 90 jours \u00e0 compter de la date de mon entr\u00e9e en fonction en tant que Chef de l\u2019Etat\u00a0\u00bb, a-t-il dit.<\/p>\n<p><ins data-revive-zoneid=\"9\" data-revive-id=\"10111e19d28d19d031742ee3b0b33eb0\"\/> <\/p>\n<p>Abdelkader Bensalah, auparavant pr\u00e9sident du Conseil de la Nation \u2013chambre haute du Parlement\u2013 a \u00e9t\u00e9 nomm\u00e9 pr\u00e9sident par int\u00e9rim mardi par les parlementaires, une semaine apr\u00e8s la d\u00e9mission d\u2019Abdelaziz Bouteflika.<\/p>\n<p>Alors que la r\u00e9union des parlementaires \u00e9tait en cours dans la matin\u00e9e, des \u00e9tudiants commen\u00e7aient \u00e0 se rassembler dans les rues d\u2019Alger. A l\u2019annonce de la nomination de M. Bensalah, telle que pr\u00e9vue par la Constitution alg\u00e9rienne en sa qualit\u00e9 de pr\u00e9sident du Conseil de la Nation, les manifestants ont scand\u00e9 \u00ab\u00a0Bensalah d\u00e9mission\u00a0\u00bb.<\/p>\n<p>Les Alg\u00e9riens, qui continuent de manifester en masse pour r\u00e9clamer le d\u00e9part des membres du \u00ab\u00a0syst\u00e8me\u00a0\u00bb, avaient clairement affich\u00e9 leur refus de voir Abdelkader Bensalah, 77 ans et pur produit du r\u00e9gime alg\u00e9rien, prendre l\u2019int\u00e9rim.<\/p>\n<\/div>\n<p>Auteur: AFP<br \/>\n<a href=\"https:\/\/www.journalducameroun.com\/fr\/algerie-bensalah-promet-un-scrutin-presidentiel-transparent-et-regulier-tv-nationale\/\">Cliquez ici pour lire l&rsquo;article depuis sa source.<\/a><\/p>\n","protected":false},"excerpt":{"rendered":"<p>Publi\u00e9 le 09.04.2019 \u00e0 21h50 par AFP Le pr\u00e9sident par int\u00e9rim alg\u00e9rien Abdelkader Bensalah s\u2019est engag\u00e9 mardi \u00e0 organiser \u00ab\u00a0un scrutin pr\u00e9sidentiel transparent et r\u00e9gulier\u00a0\u00bb, dans un discours \u00e0 la Nation retransmis \u00e0 la t\u00e9l\u00e9vision nationale. \u00ab\u00a0Nous sommes tenus de concourir, citoyens, classe politique et institutions de l\u2019Etat, afin de r\u00e9unir les conditions, toutes les [&hellip;]<\/p>\n","protected":false},"author":1965,"featured_media":0,"comment_status":"closed","ping_status":"closed","sticky":false,"template":"","format":"standard","meta":{"fifu_image_url":"","fifu_image_alt":"","footnotes":""},"categories":[73,82],"tags":[],"class_list":["post-26949","post","type-post","status-publish","format-standard","hentry","category-actualite","category-cameroun"],"_links":{"self":[{"href":"https:\/\/linitiative.ca\/International\/wp-json\/wp\/v2\/posts\/26949","targetHints":{"allow":["GET"]}}],"collection":[{"href":"https:\/\/linitiative.ca\/International\/wp-json\/wp\/v2\/posts"}],"about":[{"href":"https:\/\/linitiative.ca\/International\/wp-json\/wp\/v2\/types\/post"}],"author":[{"embeddable":true,"href":"https:\/\/linitiative.ca\/International\/wp-json\/wp\/v2\/users\/1965"}],"replies":[{"embeddable":true,"href":"https:\/\/linitiative.ca\/International\/wp-json\/wp\/v2\/comments?post=26949"}],"version-history":[{"count":0,"href":"https:\/\/linitiative.ca\/International\/wp-json\/wp\/v2\/posts\/26949\/revisions"}],"wp:attachment":[{"href":"https:\/\/linitiative.ca\/International\/wp-json\/wp\/v2\/media?parent=26949"}],"wp:term":[{"taxonomy":"category","embeddable":true,"href":"https:\/\/linitiative.ca\/International\/wp-json\/wp\/v2\/categories?post=26949"},{"taxonomy":"post_tag","embeddable":true,"href":"https:\/\/linitiative.ca\/International\/wp-json\/wp\/v2\/tags?post=26949"}],"curies":[{"name":"wp","href":"https:\/\/api.w.org\/{rel}","templated":true}]}}