{"id":26992,"date":"2019-04-10T07:14:04","date_gmt":"2019-04-10T11:14:04","guid":{"rendered":"https:\/\/linitiative.ca\/International\/face-a-lhorloge-quand-vivo-energy-tunisie-fait-appel-au-talent-des-etudiants-tunisiens\/"},"modified":"2019-04-10T07:14:04","modified_gmt":"2019-04-10T11:14:04","slug":"face-a-lhorloge-quand-vivo-energy-tunisie-fait-appel-au-talent-des-etudiants-tunisiens","status":"publish","type":"post","link":"https:\/\/linitiative.ca\/International\/face-a-lhorloge-quand-vivo-energy-tunisie-fait-appel-au-talent-des-etudiants-tunisiens\/","title":{"rendered":"\u00ab Face \u00e0 l\u2019horloge \u00bb, quand Vivo Energy Tunisie fait appel au talent des \u00e9tudiants Tunisiens !"},"content":{"rendered":"<p>C\u2019est un tr\u00e8s beau programme que Vivo Energy Tunisie a choisi de lancer en ce d\u00e9but d\u2019ann\u00e9e 2019.<\/p>\n<p>Baptis\u00e9 \u00ab Face \u00e0 l\u2019horloge\u00a0\u00bb, ce nouveau programme s\u2019int\u00e8gre dans le cadre des investissements communautaires de Vivo Energy Tunisie et est organis\u00e9 en partenariat avec le Minist\u00e8re de l\u2019Enseignement Sup\u00e9rieur et de la Recherche Scientifique.<\/p>\n<p>Il s\u2019agit d\u2019un concours qui s\u2019adresse aux \u00e9tudiants des \u00e9coles d\u2019architecture, de beaux-arts, arts et m\u00e9tiers et design graphique en Tunisie (14 institutions universitaires) et qui a pour objectif le relooking et la r\u00e9novation de la fa\u00e7ade du si\u00e8ge de Vivo Energy Tunisie.<\/p>\n<p>\u00ab\u00a0Face \u00e0 l\u2019horloge\u00a0\u00bb se fera en 2 temps. En phase 1 et une fois que le participant s\u2019authentifie sur le site <a href=\"http:\/\/www.facealhorloge.tn\">http:\/\/www.facealhorloge.tn<\/a>, il est invit\u00e9 \u00e0 participer \u00e0 un exercice de relooking\/r\u00e9novation d\u2019un d\u00e9tail de la fa\u00e7ade. Il devra r\u00e9diger un texte descriptif de sa participation et inclure tout fichier pr\u00e9sentant sa soumission (image, vid\u00e9o, etc.).<\/p>\n<p>Les 10 meilleurs candidats parmi les participants passeront \u00e0 la phase 2 du concours.<\/p>\n<p>La phase 2 consistera en un camp ferm\u00e9 de 3 jours au cours duquel, les candidats pr\u00e9s\u00e9lectionn\u00e9s auront \u00e0 traiter le sujet principal du concours\u00a0: la r\u00e9novation de la fa\u00e7ade du si\u00e8ge social de Vivo Energy Tunisie. Ils seront encadr\u00e9s par des professionnels, b\u00e9n\u00e9ficieront de formations et de conf\u00e9rences dans divers domaines et travailleront sur leurs propositions de r\u00e9novation de la fa\u00e7ade du si\u00e8ge.<\/p>\n<p>Au terme du camp ferm\u00e9, un jury compos\u00e9 de repr\u00e9sentants de Vivo Energy Tunisie, de repr\u00e9sentants du Minist\u00e8re de l\u2019enseignement sup\u00e9rieur, et de sp\u00e9cialistes en architecture et beaux-arts choisira la meilleure proposition qui sera par la suite ex\u00e9cut\u00e9e.<\/p>\n<p>Monsieur Mohamed Bougriba <em>Directeur G\u00e9n\u00e9ral de Vivo Energy Tunisie<\/em> a soulign\u00e9 l\u2019attachement de Vivo Energy Tunisie \u00e0 son partenariat renouvel\u00e9 avec le Minist\u00e8re de l\u2019Enseignement Sup\u00e9rieur\u00a0: \u00ab\u00a0<em>A travers le programme \u00ab\u00a0Face \u00e0 l\u2019horloge\u00a0\u00bb, nous esp\u00e9rons offrir aux \u00e9tudiants en beaux-arts, architectures, design et arts et m\u00e9tiers, une opportunit\u00e9 de mettre \u00e0 contribution leur cr\u00e9ativit\u00e9 pour embellir la fa\u00e7ade d\u2019un building embl\u00e9matique de la place du 14 Janvier 2011, qui existe depuis bient\u00f4t un si\u00e8cle\u00a0\u00bb.<\/em><\/p>\n<p><em>\u00ab\u00a0Ce programme marque une nouvelle \u00e9tape dans le partenariat entre Vivo Energy Tunisie et le Minist\u00e8re<\/em> l\u2019Enseignement Sup\u00e9rieur et de la Recherche Scientifique<em>, a exprim\u00e9 Sonia Dammak, Communication Manager de Vivo Energy Tunisie. Apr\u00e8s plusieurs programmes lanc\u00e9s en collaboration avec les \u00e9coles d\u2019ing\u00e9nieurs et les \u00e9coles de management, nous nous associons aujourd\u2019hui \u00e0 d\u2019autres institutions du monde de la cr\u00e9ation artistique afin de permettre \u00e0 leurs \u00e9tudiants de d\u00e9velopper leur comp\u00e9tences sur le terrain\u00a0\u00bb.<\/em><\/p>\n<p>M. Driss Sayah, Charg\u00e9 de la communication et des relations publiques au Minist\u00e8re de L\u2019Enseignement Sup\u00e9rieur et de la Recherche Scientifique a d\u00e9clar\u00e9\u00a0:\u00a0<em>\u00ab\u00a0Nous invitons les \u00e9tudiants des sp\u00e9cialit\u00e9s concern\u00e9es \u00e0 participer en grand nombre \u00e0 ce beau concours qui consacre et r\u00e9compense la cr\u00e9ativit\u00e9, le talent et la gestion des contraintes<\/em>. Et de continuer\u00a0:\u00a0\u00ab\u00a0<em>Une belle mise en situation dans des d\u00e9lais serr\u00e9s avec la perspective de voir son travail mis \u00e0 ex\u00e9cution sur la belle fa\u00e7ade du si\u00e8ge d\u2019une prestigieuse enseigne multinationale. \u00ab\u00a0Face \u00e0 l\u2019horloge\u00a0\u00bb est une course contre la montre et surtout contre ses propres limites. Elle fait partie de ces challenges qui peuvent marquer le parcours acad\u00e9mique d\u2019un \u00e9tudiant en le pr\u00e9parant \u00e0 une entr\u00e9e r\u00e9ussie dans la vie professionnelle. Nous sommes heureux de nous y associer<\/em>\u00a0\u00bb. Bonne chance \u00e0 tous et merci pour cette belle initiative citoyenne\u00a0!<\/p>\n<div class=\"wp-post-author-wrap wp-post-author-shortcode left\">\n<h3 class=\"awpa-title\"\/>\n<div class=\"wp-post-author\">\n<div class=\"awpa-img awpa-author-block square\"><a href=\"http:\/\/lexpertjournal.net\/fr\/author\/expert\/\"><img loading=\"lazy\" decoding=\"async\" alt=\"\" src=\"http:\/\/2.gravatar.com\/avatar\/56d99be2a6f97af88ccb49fada637fcd?s=150&#038;d=mm&#038;r=g\" srcset=\"http:\/\/2.gravatar.com\/avatar\/56d99be2a6f97af88ccb49fada637fcd?s=300&#038;d=mm&#038;r=g 2x\" class=\"avatar avatar-150 photo\" height=\"150\" width=\"150\"\/><\/a><\/div>\n<\/div>\n<\/div>\n<p>Auteur: L&rsquo;expert<br \/>\n<a href=\"http:\/\/lexpertjournal.net\/fr\/2019\/04\/10\/face-a-lhorloge-quand-vivo-energy-tunisie-fait-appel-au-talent-des-etudiants-tunisiens\/\">Cliquez ici pour lire l&rsquo;article depuis sa source.<\/a><\/p>\n","protected":false},"excerpt":{"rendered":"<p>C\u2019est un tr\u00e8s beau programme que Vivo Energy Tunisie a choisi de lancer en ce d\u00e9but d\u2019ann\u00e9e 2019. Baptis\u00e9 \u00ab Face \u00e0 l\u2019horloge\u00a0\u00bb, ce nouveau programme s\u2019int\u00e8gre dans le cadre des investissements communautaires de Vivo Energy Tunisie et est organis\u00e9 en partenariat avec le Minist\u00e8re de l\u2019Enseignement Sup\u00e9rieur et de la Recherche Scientifique. Il s\u2019agit [&hellip;]<\/p>\n","protected":false},"author":1775,"featured_media":0,"comment_status":"closed","ping_status":"closed","sticky":false,"template":"","format":"standard","meta":{"fifu_image_url":"","fifu_image_alt":"","footnotes":""},"categories":[78,55],"tags":[],"class_list":["post-26992","post","type-post","status-publish","format-standard","hentry","category-economie","category-tunisie"],"_links":{"self":[{"href":"https:\/\/linitiative.ca\/International\/wp-json\/wp\/v2\/posts\/26992","targetHints":{"allow":["GET"]}}],"collection":[{"href":"https:\/\/linitiative.ca\/International\/wp-json\/wp\/v2\/posts"}],"about":[{"href":"https:\/\/linitiative.ca\/International\/wp-json\/wp\/v2\/types\/post"}],"author":[{"embeddable":true,"href":"https:\/\/linitiative.ca\/International\/wp-json\/wp\/v2\/users\/1775"}],"replies":[{"embeddable":true,"href":"https:\/\/linitiative.ca\/International\/wp-json\/wp\/v2\/comments?post=26992"}],"version-history":[{"count":0,"href":"https:\/\/linitiative.ca\/International\/wp-json\/wp\/v2\/posts\/26992\/revisions"}],"wp:attachment":[{"href":"https:\/\/linitiative.ca\/International\/wp-json\/wp\/v2\/media?parent=26992"}],"wp:term":[{"taxonomy":"category","embeddable":true,"href":"https:\/\/linitiative.ca\/International\/wp-json\/wp\/v2\/categories?post=26992"},{"taxonomy":"post_tag","embeddable":true,"href":"https:\/\/linitiative.ca\/International\/wp-json\/wp\/v2\/tags?post=26992"}],"curies":[{"name":"wp","href":"https:\/\/api.w.org\/{rel}","templated":true}]}}