{"id":26996,"date":"2019-04-10T06:00:00","date_gmt":"2019-04-10T10:00:00","guid":{"rendered":"https:\/\/linitiative.ca\/International\/un-neveu-de-tahkout-condamne-a-une-annee-de-prison-avec-sursis\/"},"modified":"2019-04-10T06:00:00","modified_gmt":"2019-04-10T10:00:00","slug":"un-neveu-de-tahkout-condamne-a-une-annee-de-prison-avec-sursis","status":"publish","type":"post","link":"https:\/\/linitiative.ca\/International\/un-neveu-de-tahkout-condamne-a-une-annee-de-prison-avec-sursis\/","title":{"rendered":"Un neveu de Tahkout condamn\u00e9 \u00e0 une ann\u00e9e de prison avec sursis"},"content":{"rendered":"<div id=\"originalText\" readability=\"46\">\n<p>Le tribunal correctionnel d\u2019El-Tarf a condamn\u00e9, hier, Mounir Tahkout, \u00e2g\u00e9 de 32 ans, neveu de l&rsquo;homme d&rsquo;affaires Mehieddine Tahkout, \u00e0 une ann\u00e9e de prison avec sursis assortie d\u2019une amende d\u2019un million de dinars pour d\u00e9tention ill\u00e9gale de 6 000 euros, a-t-on appris de sources judiciaires. Le mis en cause a \u00e9galement \u00e9t\u00e9 interdit de quitter le territoire de la wilaya d\u2019El-Tarf jusqu\u2019au 14 avril, o\u00f9 il sera pr\u00e9sent\u00e9, par devant le m\u00eame tribunal, pour r\u00e9pondre du chef d\u2019inculpation de d\u00e9tention de deux permis de conduire. Mounir Tahkout a \u00e9t\u00e9 interpell\u00e9 dans la soir\u00e9e de dimanche dernier au niveau d\u2019un barrage dress\u00e9 sur la RN44 reliant Annaba \u00e0 Kala, alors qu\u2019il s\u2019appr\u00eatait \u00e0 se rendre aux fronti\u00e8res d\u2019Oum T\u2019boul pour quitter le territoire national \u00e0 destination de la Tunisie, a-t-on signal\u00e9.\u00a0<br \/>\u00a0<\/p>\n<p class=\"c10\"><strong>APS<\/strong><\/p>\n<\/div>\n<div id=\"text_core\" readability=\"46\">\n<p>Le tribunal correctionnel d\u2019El-Tarf a condamn\u00e9, hier, Mounir Tahkout, \u00e2g\u00e9 de 32 ans, neveu de l&rsquo;homme d&rsquo;affaires Mehieddine Tahkout, \u00e0 une ann\u00e9e de prison avec sursis assortie d\u2019une amende d\u2019un million de dinars pour d\u00e9tention ill\u00e9gale de 6 000 euros, a-t-on appris de sources judiciaires. Le mis en cause a \u00e9galement \u00e9t\u00e9 interdit de quitter le territoire de la wilaya d\u2019El-Tarf jusqu\u2019au 14 avril, o\u00f9 il sera pr\u00e9sent\u00e9, par devant le m\u00eame tribunal, pour r\u00e9pondre du chef d\u2019inculpation de d\u00e9tention de deux permis de conduire. Mounir Tahkout a \u00e9t\u00e9 interpell\u00e9 dans la soir\u00e9e de dimanche dernier au niveau d\u2019un barrage dress\u00e9 sur la RN44 reliant Annaba \u00e0 Kala, alors qu\u2019il s\u2019appr\u00eatait \u00e0 se rendre aux fronti\u00e8res d\u2019Oum T\u2019boul pour quitter le territoire national \u00e0 destination de la Tunisie, a-t-on signal\u00e9.\u00a0<br \/>\u00a0<\/p>\n<p class=\"c10\"><strong>APS<\/strong><\/p>\n<\/div>\n<p>Auteur:<br \/>\n<a href=\"https:\/\/www.liberte-algerie.com\/actualite\/un-neveu-de-tahkout-condamne-a-une-annee-de-prison-avec-sursis-313468\">Cliquez ici pour lire l&rsquo;article depuis sa source.<\/a><\/p>\n","protected":false},"excerpt":{"rendered":"<p>Le tribunal correctionnel d\u2019El-Tarf a condamn\u00e9, hier, Mounir Tahkout, \u00e2g\u00e9 de 32 ans, neveu de l&rsquo;homme d&rsquo;affaires Mehieddine Tahkout, \u00e0 une ann\u00e9e de prison avec sursis assortie d\u2019une amende d\u2019un million de dinars pour d\u00e9tention ill\u00e9gale de 6 000 euros, a-t-on appris de sources judiciaires. Le mis en cause a \u00e9galement \u00e9t\u00e9 interdit de quitter [&hellip;]<\/p>\n","protected":false},"author":1742,"featured_media":0,"comment_status":"closed","ping_status":"closed","sticky":false,"template":"","format":"standard","meta":{"fifu_image_url":"","fifu_image_alt":"","footnotes":""},"categories":[73,53],"tags":[],"class_list":["post-26996","post","type-post","status-publish","format-standard","hentry","category-actualite","category-algerie"],"_links":{"self":[{"href":"https:\/\/linitiative.ca\/International\/wp-json\/wp\/v2\/posts\/26996","targetHints":{"allow":["GET"]}}],"collection":[{"href":"https:\/\/linitiative.ca\/International\/wp-json\/wp\/v2\/posts"}],"about":[{"href":"https:\/\/linitiative.ca\/International\/wp-json\/wp\/v2\/types\/post"}],"author":[{"embeddable":true,"href":"https:\/\/linitiative.ca\/International\/wp-json\/wp\/v2\/users\/1742"}],"replies":[{"embeddable":true,"href":"https:\/\/linitiative.ca\/International\/wp-json\/wp\/v2\/comments?post=26996"}],"version-history":[{"count":0,"href":"https:\/\/linitiative.ca\/International\/wp-json\/wp\/v2\/posts\/26996\/revisions"}],"wp:attachment":[{"href":"https:\/\/linitiative.ca\/International\/wp-json\/wp\/v2\/media?parent=26996"}],"wp:term":[{"taxonomy":"category","embeddable":true,"href":"https:\/\/linitiative.ca\/International\/wp-json\/wp\/v2\/categories?post=26996"},{"taxonomy":"post_tag","embeddable":true,"href":"https:\/\/linitiative.ca\/International\/wp-json\/wp\/v2\/tags?post=26996"}],"curies":[{"name":"wp","href":"https:\/\/api.w.org\/{rel}","templated":true}]}}