{"id":26997,"date":"2019-04-10T06:00:00","date_gmt":"2019-04-10T10:00:00","guid":{"rendered":"https:\/\/linitiative.ca\/International\/greve-nationale-et-marche-aujourdhui-a-alger\/"},"modified":"2019-04-10T06:00:00","modified_gmt":"2019-04-10T10:00:00","slug":"greve-nationale-et-marche-aujourdhui-a-alger","status":"publish","type":"post","link":"https:\/\/linitiative.ca\/International\/greve-nationale-et-marche-aujourdhui-a-alger\/","title":{"rendered":"Gr\u00e8ve nationale et marche aujourd\u2019hui \u00e0 Alger"},"content":{"rendered":"<div id=\"originalText\" readability=\"62\">\n<p>Les \u00e9coles, h\u00f4pitaux et postes, ainsi que nombre d\u2019infrastructures de service public risquent d\u2019\u00eatre paralys\u00e9s, aujourd\u2019hui, \u00e0 l\u2019appel de la Conf\u00e9d\u00e9ration des syndicats autonomes (CSA) d\u2019observer une gr\u00e8ve g\u00e9n\u00e9rale dans la Fonction publique et une marche nationale depuis la place du 1er-Mai, \u00e0 Alger.<br \/>Par ces actions de protestation, les douze syndicats autonomes de la Fonction publique, qui constituent la CSA (Unpef, Cnapeste, Snapest, Snpsp, Snte, Snap, Cnii, Sntfp, Satef, Cela, Snvfap, Cnes), entendent exprimer \u201cle rejet du nouveau gouvernement et le refus de traiter avec lui\u201d, \u201cle rejet de l\u2019intervention \u00e9trang\u00e8re dans les affaires int\u00e9rieures du pays\u201d et appeler \u00e0 \u201cla poursuite du mouvement populaire pacifique\u201d. Cela sera une occasion aussi pour r\u00e9it\u00e9rer leur attachement aux revendications du mouvement populaire pacifique. Contrairement aux pr\u00e9c\u00e9dentes actions de protestation, les syndicats autonomes de la Fonction publique ne porteront pas des revendications corporatistes ou socio\u00e9conomiques, mais feront leurs revendications de la rue, \u00e0 savoir le d\u00e9part du syst\u00e8me et l\u2019instauration de la deuxi\u00e8me R\u00e9publique. La Ligue alg\u00e9rienne de d\u00e9fense des droits de l\u2019Homme (Laddh) d\u00e9clare adh\u00e9rer \u00e0 l\u2019appel de la CSA. Il y a, \u00e9galement, l\u2019adh\u00e9sion de diff\u00e9rentes cat\u00e9gories de la soci\u00e9t\u00e9, notamment les juges et les fonctionnaires du secteur de la justice, les \u00e9tudiants et les enseignants.<br \/>\u00a0<\/p>\n<p class=\"c10\"><strong>A. R.<\/strong><\/p>\n<\/div>\n<div id=\"text_core\" readability=\"62\">\n<p>Les \u00e9coles, h\u00f4pitaux et postes, ainsi que nombre d\u2019infrastructures de service public risquent d\u2019\u00eatre paralys\u00e9s, aujourd\u2019hui, \u00e0 l\u2019appel de la Conf\u00e9d\u00e9ration des syndicats autonomes (CSA) d\u2019observer une gr\u00e8ve g\u00e9n\u00e9rale dans la Fonction publique et une marche nationale depuis la place du 1er-Mai, \u00e0 Alger.<br \/>Par ces actions de protestation, les douze syndicats autonomes de la Fonction publique, qui constituent la CSA (Unpef, Cnapeste, Snapest, Snpsp, Snte, Snap, Cnii, Sntfp, Satef, Cela, Snvfap, Cnes), entendent exprimer \u201cle rejet du nouveau gouvernement et le refus de traiter avec lui\u201d, \u201cle rejet de l\u2019intervention \u00e9trang\u00e8re dans les affaires int\u00e9rieures du pays\u201d et appeler \u00e0 \u201cla poursuite du mouvement populaire pacifique\u201d. Cela sera une occasion aussi pour r\u00e9it\u00e9rer leur attachement aux revendications du mouvement populaire pacifique. Contrairement aux pr\u00e9c\u00e9dentes actions de protestation, les syndicats autonomes de la Fonction publique ne porteront pas des revendications corporatistes ou socio\u00e9conomiques, mais feront leurs revendications de la rue, \u00e0 savoir le d\u00e9part du syst\u00e8me et l\u2019instauration de la deuxi\u00e8me R\u00e9publique. La Ligue alg\u00e9rienne de d\u00e9fense des droits de l\u2019Homme (Laddh) d\u00e9clare adh\u00e9rer \u00e0 l\u2019appel de la CSA. Il y a, \u00e9galement, l\u2019adh\u00e9sion de diff\u00e9rentes cat\u00e9gories de la soci\u00e9t\u00e9, notamment les juges et les fonctionnaires du secteur de la justice, les \u00e9tudiants et les enseignants.<br \/>\u00a0<\/p>\n<p class=\"c10\"><strong>A. R.<\/strong><\/p>\n<\/div>\n<p>Auteur:<br \/>\n<a href=\"https:\/\/www.liberte-algerie.com\/actualite\/greve-nationale-et-marche-aujourdhui-a-alger-313467\">Cliquez ici pour lire l&rsquo;article depuis sa source.<\/a><\/p>\n","protected":false},"excerpt":{"rendered":"<p>Les \u00e9coles, h\u00f4pitaux et postes, ainsi que nombre d\u2019infrastructures de service public risquent d\u2019\u00eatre paralys\u00e9s, aujourd\u2019hui, \u00e0 l\u2019appel de la Conf\u00e9d\u00e9ration des syndicats autonomes (CSA) d\u2019observer une gr\u00e8ve g\u00e9n\u00e9rale dans la Fonction publique et une marche nationale depuis la place du 1er-Mai, \u00e0 Alger.Par ces actions de protestation, les douze syndicats autonomes de la Fonction [&hellip;]<\/p>\n","protected":false},"author":1742,"featured_media":0,"comment_status":"closed","ping_status":"closed","sticky":false,"template":"","format":"standard","meta":{"fifu_image_url":"","fifu_image_alt":"","footnotes":""},"categories":[73,53],"tags":[],"class_list":["post-26997","post","type-post","status-publish","format-standard","hentry","category-actualite","category-algerie"],"_links":{"self":[{"href":"https:\/\/linitiative.ca\/International\/wp-json\/wp\/v2\/posts\/26997","targetHints":{"allow":["GET"]}}],"collection":[{"href":"https:\/\/linitiative.ca\/International\/wp-json\/wp\/v2\/posts"}],"about":[{"href":"https:\/\/linitiative.ca\/International\/wp-json\/wp\/v2\/types\/post"}],"author":[{"embeddable":true,"href":"https:\/\/linitiative.ca\/International\/wp-json\/wp\/v2\/users\/1742"}],"replies":[{"embeddable":true,"href":"https:\/\/linitiative.ca\/International\/wp-json\/wp\/v2\/comments?post=26997"}],"version-history":[{"count":0,"href":"https:\/\/linitiative.ca\/International\/wp-json\/wp\/v2\/posts\/26997\/revisions"}],"wp:attachment":[{"href":"https:\/\/linitiative.ca\/International\/wp-json\/wp\/v2\/media?parent=26997"}],"wp:term":[{"taxonomy":"category","embeddable":true,"href":"https:\/\/linitiative.ca\/International\/wp-json\/wp\/v2\/categories?post=26997"},{"taxonomy":"post_tag","embeddable":true,"href":"https:\/\/linitiative.ca\/International\/wp-json\/wp\/v2\/tags?post=26997"}],"curies":[{"name":"wp","href":"https:\/\/api.w.org\/{rel}","templated":true}]}}