{"id":27006,"date":"2019-04-10T08:30:00","date_gmt":"2019-04-10T12:30:00","guid":{"rendered":"https:\/\/linitiative.ca\/International\/le-discours-integral-de-gaid-salah\/"},"modified":"2019-04-10T08:30:00","modified_gmt":"2019-04-10T12:30:00","slug":"le-discours-integral-de-gaid-salah","status":"publish","type":"post","link":"https:\/\/linitiative.ca\/International\/le-discours-integral-de-gaid-salah\/","title":{"rendered":"Le discours int\u00e9gral de Ga\u00efd Salah"},"content":{"rendered":"<div id=\"originalText\" readability=\"140\">\n<p><strong>Lors de la 3e journ\u00e9e de sa visite en 2e R\u00e9gion Militaire, Monsieur le G\u00e9n\u00e9ral de Corps d\u2019Arm\u00e9e Ahmed Ga\u00efd Salah, Vice-Ministre de la D\u00e9fense Nationale, Chef d\u2019Etat-Major de l\u2019Arm\u00e9e Nationale Populaire a pr\u00e9sid\u00e9 une r\u00e9union d\u2019orientation au niveau du si\u00e8ge du commandement de la R\u00e9gion.<\/strong><\/p>\n<p>\u00ab\u00a0Avec le d\u00e9but de cette nouvelle phase et la poursuite des marches, nous avons d\u00e9plor\u00e9 l\u2019apparition de tentatives de la part de certaines parties \u00e9trang\u00e8res, partant de leurs ant\u00e9c\u00e9dents historiques avec notre pays, poussant certains individus au-devant de la sc\u00e8ne actuelle en les imposant comme repr\u00e9sentant du peuple en vue de conduire la phase de transition, afin de mettre en ex\u00e9cution leurs desseins visant \u00e0 d\u00e9stabiliser le pays et semer la discorde entre les enfants du peuple, \u00e0 travers des slogans irr\u00e9alisables visant \u00e0 mener le pays vers un vide constitutionnel et d\u00e9truire les institutions de l\u2019Etat, voire provoquer une d\u00e9claration de l\u2019\u00e9tat d\u2019exception, ce que nous avons r\u00e9cus\u00e9 cat\u00e9goriquement depuis le d\u00e9but des \u00e9v\u00e9nements, car il est irraisonnable de g\u00e9rer la p\u00e9riode de transition sans les institutions qui organisent et supervisent cette op\u00e9ration, et ce, au regard des cons\u00e9quences d\u00e9coulant\u00a0 de cette situation qui pourraient compromettre tout ce qui a \u00e9t\u00e9 r\u00e9alis\u00e9 depuis l&rsquo;ind\u00e9pendance \u00e0 ce jour, en termes d&rsquo;acquis et de r\u00e9alisations qui demeurent la fiert\u00e9 des g\u00e9n\u00e9rations.\u00a0<\/p>\n<p>Aussi et afin de d\u00e9jouer les tentatives d\u2019infiltration de ces parties suspectes, nous avons consenti tous nos efforts au sein de l\u2019Arm\u00e9e Nationale Populaire, afin de pr\u00e9server cet immense \u00e9lan populaire de l&rsquo;exploitation par ceux qui le guettent \u00e0 l\u2019int\u00e9rieur et l\u2019ext\u00e9rieur, \u00e0 l\u2019instar de quelques individus appartenant \u00e0 des organisations non-gouvernementales, qui ont \u00e9t\u00e9 pris en flagrant d\u00e9lit dont la mission consiste \u00e0 infiltrer les manifestations pacifiques et les orienter, avec la complicit\u00e9 et en coordination avec leurs agents \u00e0 l\u2019int\u00e9rieur.<\/p>\n<p>Ces parties qui s\u2019affairent, par tous les moyens, \u00e0 d\u00e9voyer ces marches de leurs objectifs fondamentaux et \u00e0 les r\u00e9cup\u00e9rer afin de faire aboutir leurs plans pernicieux, visant \u00e0 porter atteinte au climat de s\u00e9curit\u00e9 et de qui\u00e9tude dont jouit notre pays.<\/p>\n<p>Aussi, cette phase historique charni\u00e8re et cruciale requiert, voire impose \u00e0 l\u2019ensemble des enfants du peuple alg\u00e9rien d\u00e9vou\u00e9, fid\u00e8le et civilis\u00e9, de f\u00e9d\u00e9rer les efforts de tous les nationalistes en suivant la voie de la sagesse, de la pond\u00e9ration et de la clairvoyance, qui tient compte de l\u2019int\u00e9r\u00eat supr\u00eame de la nation en premier lieu, de prendre en consid\u00e9ration que la conduite de la p\u00e9riode de transition n\u00e9cessite un ensemble de m\u00e9canismes dont la mise en \u0153uvre doit s\u2019effectuer conform\u00e9ment \u00e0 la Constitution qui stipule que le Pr\u00e9sident du Conseil de la Nation que choisit le Parlement avec ses deux chambres, apr\u00e8s le constat de la vacance, assume la charge de Chef de l\u2019Etat pour une dur\u00e9e de trois mois, avec des pr\u00e9rogatives limit\u00e9es, jusqu\u2019\u00e0 l\u2019\u00e9lection du nouveau Pr\u00e9sident de la R\u00e9publique.<\/p>\n<p>Je voudrais confirmer, dans ce contexte, que la p\u00e9riode de transition destin\u00e9e \u00e0 la pr\u00e9paration des \u00e9lections pr\u00e9sidentielles, se fera avec l\u2019accompagnement de l\u2019Arm\u00e9e Nationale Populaire, qui veillera au suivi de cette phase, au regard de la confiance r\u00e9ciproque entre le peuple et son arm\u00e9e, dans un climat de s\u00e9r\u00e9nit\u00e9 et dans le strict respect des r\u00e8gles de transparence et d\u2019int\u00e9grit\u00e9 et des lois de la R\u00e9publique.<\/p>\n<p>Comme il appartient \u00e0 tout un chacun de comprendre et assimiler tous les aspects et les contours de la crise, durant la p\u00e9riode \u00e0 venir, notamment dans son volet socio-\u00e9conomique, qui s\u2019aggravera davantage si les positions obstin\u00e9es et les revendications irr\u00e9alisables persistent, ce qui se refl\u00e8te n\u00e9gativement sur les postes de travail et le pouvoir d\u2019achat du citoyen, notamment au regard d\u2019une situation r\u00e9gionale et internationale tendue et instable. Aussi, il y a lieu de faire preuve de patience, de conscience et de lucidit\u00e9 afin de r\u00e9aliser les revendications populaires, guider le pays vers la paix et jeter les bases d\u2019un Etat de droit et d&rsquo;institutions.<\/p>\n<p>Dans ce contexte pr\u00e9cis, nous soulignons que la justice, qui a recouvert ses pleines pr\u00e9rogatives, agira en toute libert\u00e9, sans contraintes aucunes, sans pressions ni ordres, pour entamer des poursuites judiciaires contre toute la bande impliqu\u00e9e dans les affaires de d\u00e9tournement des fonds publics et d\u2019abus de pouvoir pour s\u2019enrichir ill\u00e9galement. A cet effet, nous rassurons l\u2019opinion publique que la question s\u2019\u00e9tendra \u00e0 tous les dossiers pr\u00e9c\u00e9dents, comme l\u2019affaire d\u2019El Khalifa, de Sonatrach et du Boucher et autres dossiers relatifs \u00e0 la corruption qui ont occasionn\u00e9 des pertes consid\u00e9rables au Tr\u00e9sor Public.<\/p>\n<p>Je voudrais en cette occasion rappeler de nouveau que je me suis engag\u00e9 personnellement \u00e0 soutenir le peuple en cette \u00e9tape cruciale et de me tenir \u00e0 ses c\u00f4t\u00e9s, en d\u00e9pit des voix qui s\u2019\u00e9l\u00e8vent aussi bien \u00e0 l\u2019int\u00e9rieur qu&rsquo;\u00e0 l\u2019ext\u00e9rieur, exasp\u00e9r\u00e9es par la forte coh\u00e9sion entre le peuple et son Arm\u00e9e. L\u2019histoire t\u00e9moignera de la sinc\u00e9rit\u00e9 de nos propos et de nos actes et que nous n\u2019avons aucune autre ambition que de servir notre pays et de veiller \u00e0 sa s\u00e9curit\u00e9 et sa stabilit\u00e9, tandis que leurs espoirs et leurs man\u0153uvres visant \u00e0 porter atteinte \u00e0 la r\u00e9putation et la cr\u00e9dibilit\u00e9 de l\u2019Arm\u00e9e Nationale Populaire \u00e9choueront, et celle-ci demeurera, malgr\u00e9 les complots des conspirateurs et l&rsquo;animosit\u00e9 des vindicatifs, un fort soutien pour son peuple dans\u00a0 les \u00e9preuves et les crises, dans le cadre des dispositions de la Constitution et des lois de la R\u00e9publique. Nous sommes profond\u00e9ment confiant que le peuple comprendra et mesurera la sensibilit\u00e9 de la situation et privil\u00e9giera l\u2019int\u00e9r\u00eat national et que notre pays saura, gr\u00e2ce \u00e0 Allah, sortir de cette crise, victorieux et triomphant comme nous l\u2019avons toujours connu\u00a0\u00bb.<\/p>\n<\/div>\n<div id=\"text_core\" readability=\"140\">\n<p><strong>Lors de la 3e journ\u00e9e de sa visite en 2e R\u00e9gion Militaire, Monsieur le G\u00e9n\u00e9ral de Corps d\u2019Arm\u00e9e Ahmed Ga\u00efd Salah, Vice-Ministre de la D\u00e9fense Nationale, Chef d\u2019Etat-Major de l\u2019Arm\u00e9e Nationale Populaire a pr\u00e9sid\u00e9 une r\u00e9union d\u2019orientation au niveau du si\u00e8ge du commandement de la R\u00e9gion.<\/strong><\/p>\n<p>\u00ab\u00a0Avec le d\u00e9but de cette nouvelle phase et la poursuite des marches, nous avons d\u00e9plor\u00e9 l\u2019apparition de tentatives de la part de certaines parties \u00e9trang\u00e8res, partant de leurs ant\u00e9c\u00e9dents historiques avec notre pays, poussant certains individus au-devant de la sc\u00e8ne actuelle en les imposant comme repr\u00e9sentant du peuple en vue de conduire la phase de transition, afin de mettre en ex\u00e9cution leurs desseins visant \u00e0 d\u00e9stabiliser le pays et semer la discorde entre les enfants du peuple, \u00e0 travers des slogans irr\u00e9alisables visant \u00e0 mener le pays vers un vide constitutionnel et d\u00e9truire les institutions de l\u2019Etat, voire provoquer une d\u00e9claration de l\u2019\u00e9tat d\u2019exception, ce que nous avons r\u00e9cus\u00e9 cat\u00e9goriquement depuis le d\u00e9but des \u00e9v\u00e9nements, car il est irraisonnable de g\u00e9rer la p\u00e9riode de transition sans les institutions qui organisent et supervisent cette op\u00e9ration, et ce, au regard des cons\u00e9quences d\u00e9coulant\u00a0 de cette situation qui pourraient compromettre tout ce qui a \u00e9t\u00e9 r\u00e9alis\u00e9 depuis l&rsquo;ind\u00e9pendance \u00e0 ce jour, en termes d&rsquo;acquis et de r\u00e9alisations qui demeurent la fiert\u00e9 des g\u00e9n\u00e9rations.\u00a0<\/p>\n<p>Aussi et afin de d\u00e9jouer les tentatives d\u2019infiltration de ces parties suspectes, nous avons consenti tous nos efforts au sein de l\u2019Arm\u00e9e Nationale Populaire, afin de pr\u00e9server cet immense \u00e9lan populaire de l&rsquo;exploitation par ceux qui le guettent \u00e0 l\u2019int\u00e9rieur et l\u2019ext\u00e9rieur, \u00e0 l\u2019instar de quelques individus appartenant \u00e0 des organisations non-gouvernementales, qui ont \u00e9t\u00e9 pris en flagrant d\u00e9lit dont la mission consiste \u00e0 infiltrer les manifestations pacifiques et les orienter, avec la complicit\u00e9 et en coordination avec leurs agents \u00e0 l\u2019int\u00e9rieur.<\/p>\n<p>Ces parties qui s\u2019affairent, par tous les moyens, \u00e0 d\u00e9voyer ces marches de leurs objectifs fondamentaux et \u00e0 les r\u00e9cup\u00e9rer afin de faire aboutir leurs plans pernicieux, visant \u00e0 porter atteinte au climat de s\u00e9curit\u00e9 et de qui\u00e9tude dont jouit notre pays.<\/p>\n<p>Aussi, cette phase historique charni\u00e8re et cruciale requiert, voire impose \u00e0 l\u2019ensemble des enfants du peuple alg\u00e9rien d\u00e9vou\u00e9, fid\u00e8le et civilis\u00e9, de f\u00e9d\u00e9rer les efforts de tous les nationalistes en suivant la voie de la sagesse, de la pond\u00e9ration et de la clairvoyance, qui tient compte de l\u2019int\u00e9r\u00eat supr\u00eame de la nation en premier lieu, de prendre en consid\u00e9ration que la conduite de la p\u00e9riode de transition n\u00e9cessite un ensemble de m\u00e9canismes dont la mise en \u0153uvre doit s\u2019effectuer conform\u00e9ment \u00e0 la Constitution qui stipule que le Pr\u00e9sident du Conseil de la Nation que choisit le Parlement avec ses deux chambres, apr\u00e8s le constat de la vacance, assume la charge de Chef de l\u2019Etat pour une dur\u00e9e de trois mois, avec des pr\u00e9rogatives limit\u00e9es, jusqu\u2019\u00e0 l\u2019\u00e9lection du nouveau Pr\u00e9sident de la R\u00e9publique.<\/p>\n<p>Je voudrais confirmer, dans ce contexte, que la p\u00e9riode de transition destin\u00e9e \u00e0 la pr\u00e9paration des \u00e9lections pr\u00e9sidentielles, se fera avec l\u2019accompagnement de l\u2019Arm\u00e9e Nationale Populaire, qui veillera au suivi de cette phase, au regard de la confiance r\u00e9ciproque entre le peuple et son arm\u00e9e, dans un climat de s\u00e9r\u00e9nit\u00e9 et dans le strict respect des r\u00e8gles de transparence et d\u2019int\u00e9grit\u00e9 et des lois de la R\u00e9publique.<\/p>\n<p>Comme il appartient \u00e0 tout un chacun de comprendre et assimiler tous les aspects et les contours de la crise, durant la p\u00e9riode \u00e0 venir, notamment dans son volet socio-\u00e9conomique, qui s\u2019aggravera davantage si les positions obstin\u00e9es et les revendications irr\u00e9alisables persistent, ce qui se refl\u00e8te n\u00e9gativement sur les postes de travail et le pouvoir d\u2019achat du citoyen, notamment au regard d\u2019une situation r\u00e9gionale et internationale tendue et instable. Aussi, il y a lieu de faire preuve de patience, de conscience et de lucidit\u00e9 afin de r\u00e9aliser les revendications populaires, guider le pays vers la paix et jeter les bases d\u2019un Etat de droit et d&rsquo;institutions.<\/p>\n<p>Dans ce contexte pr\u00e9cis, nous soulignons que la justice, qui a recouvert ses pleines pr\u00e9rogatives, agira en toute libert\u00e9, sans contraintes aucunes, sans pressions ni ordres, pour entamer des poursuites judiciaires contre toute la bande impliqu\u00e9e dans les affaires de d\u00e9tournement des fonds publics et d\u2019abus de pouvoir pour s\u2019enrichir ill\u00e9galement. A cet effet, nous rassurons l\u2019opinion publique que la question s\u2019\u00e9tendra \u00e0 tous les dossiers pr\u00e9c\u00e9dents, comme l\u2019affaire d\u2019El Khalifa, de Sonatrach et du Boucher et autres dossiers relatifs \u00e0 la corruption qui ont occasionn\u00e9 des pertes consid\u00e9rables au Tr\u00e9sor Public.<\/p>\n<p>Je voudrais en cette occasion rappeler de nouveau que je me suis engag\u00e9 personnellement \u00e0 soutenir le peuple en cette \u00e9tape cruciale et de me tenir \u00e0 ses c\u00f4t\u00e9s, en d\u00e9pit des voix qui s\u2019\u00e9l\u00e8vent aussi bien \u00e0 l\u2019int\u00e9rieur qu&rsquo;\u00e0 l\u2019ext\u00e9rieur, exasp\u00e9r\u00e9es par la forte coh\u00e9sion entre le peuple et son Arm\u00e9e. L\u2019histoire t\u00e9moignera de la sinc\u00e9rit\u00e9 de nos propos et de nos actes et que nous n\u2019avons aucune autre ambition que de servir notre pays et de veiller \u00e0 sa s\u00e9curit\u00e9 et sa stabilit\u00e9, tandis que leurs espoirs et leurs man\u0153uvres visant \u00e0 porter atteinte \u00e0 la r\u00e9putation et la cr\u00e9dibilit\u00e9 de l\u2019Arm\u00e9e Nationale Populaire \u00e9choueront, et celle-ci demeurera, malgr\u00e9 les complots des conspirateurs et l&rsquo;animosit\u00e9 des vindicatifs, un fort soutien pour son peuple dans\u00a0 les \u00e9preuves et les crises, dans le cadre des dispositions de la Constitution et des lois de la R\u00e9publique. Nous sommes profond\u00e9ment confiant que le peuple comprendra et mesurera la sensibilit\u00e9 de la situation et privil\u00e9giera l\u2019int\u00e9r\u00eat national et que notre pays saura, gr\u00e2ce \u00e0 Allah, sortir de cette crise, victorieux et triomphant comme nous l\u2019avons toujours connu\u00a0\u00bb.<\/p>\n<\/div>\n<p>Auteur:<br \/>\n<a href=\"https:\/\/www.liberte-algerie.com\/actualite\/le-discours-integral-de-gaid-salah-313554\">Cliquez ici pour lire l&rsquo;article depuis sa source.<\/a><\/p>\n","protected":false},"excerpt":{"rendered":"<p>Lors de la 3e journ\u00e9e de sa visite en 2e R\u00e9gion Militaire, Monsieur le G\u00e9n\u00e9ral de Corps d\u2019Arm\u00e9e Ahmed Ga\u00efd Salah, Vice-Ministre de la D\u00e9fense Nationale, Chef d\u2019Etat-Major de l\u2019Arm\u00e9e Nationale Populaire a pr\u00e9sid\u00e9 une r\u00e9union d\u2019orientation au niveau du si\u00e8ge du commandement de la R\u00e9gion. \u00ab\u00a0Avec le d\u00e9but de cette nouvelle phase et la [&hellip;]<\/p>\n","protected":false},"author":1742,"featured_media":0,"comment_status":"closed","ping_status":"closed","sticky":false,"template":"","format":"standard","meta":{"fifu_image_url":"","fifu_image_alt":"","footnotes":""},"categories":[73,53],"tags":[],"class_list":["post-27006","post","type-post","status-publish","format-standard","hentry","category-actualite","category-algerie"],"_links":{"self":[{"href":"https:\/\/linitiative.ca\/International\/wp-json\/wp\/v2\/posts\/27006","targetHints":{"allow":["GET"]}}],"collection":[{"href":"https:\/\/linitiative.ca\/International\/wp-json\/wp\/v2\/posts"}],"about":[{"href":"https:\/\/linitiative.ca\/International\/wp-json\/wp\/v2\/types\/post"}],"author":[{"embeddable":true,"href":"https:\/\/linitiative.ca\/International\/wp-json\/wp\/v2\/users\/1742"}],"replies":[{"embeddable":true,"href":"https:\/\/linitiative.ca\/International\/wp-json\/wp\/v2\/comments?post=27006"}],"version-history":[{"count":0,"href":"https:\/\/linitiative.ca\/International\/wp-json\/wp\/v2\/posts\/27006\/revisions"}],"wp:attachment":[{"href":"https:\/\/linitiative.ca\/International\/wp-json\/wp\/v2\/media?parent=27006"}],"wp:term":[{"taxonomy":"category","embeddable":true,"href":"https:\/\/linitiative.ca\/International\/wp-json\/wp\/v2\/categories?post=27006"},{"taxonomy":"post_tag","embeddable":true,"href":"https:\/\/linitiative.ca\/International\/wp-json\/wp\/v2\/tags?post=27006"}],"curies":[{"name":"wp","href":"https:\/\/api.w.org\/{rel}","templated":true}]}}