{"id":27014,"date":"2019-04-10T10:33:08","date_gmt":"2019-04-10T14:33:08","guid":{"rendered":"https:\/\/linitiative.ca\/International\/boumerdes-le-camp-de-tortures-haouch-goutier-sera-transforme-en-monument-historique\/"},"modified":"2019-04-10T10:33:08","modified_gmt":"2019-04-10T14:33:08","slug":"boumerdes-le-camp-de-tortures-haouch-goutier-sera-transforme-en-monument-historique","status":"publish","type":"post","link":"https:\/\/linitiative.ca\/International\/boumerdes-le-camp-de-tortures-haouch-goutier-sera-transforme-en-monument-historique\/","title":{"rendered":"Boumerdes: le camp de tortures Haouch Goutier sera transform\u00e9 en\u00a0monument historique"},"content":{"rendered":"<div>\n<div class=\"K2FeedImage\"><img decoding=\"async\" src=\"http:\/\/www.aps.dz\/media\/k2\/items\/cache\/97a488c6853760a85fdc127c25d1566f_S.jpg\" alt=\"Boumerdes: le camp de tortures Haouch Goutier sera transform\u00e9 en\u00a0monument historique\"><\/div>\n<div class=\"K2FeedIntroText\">\n<p>BOUMERDES- Le tristement c\u00e9l\u00e8bre camp de tortures du colonialisme fran\u00e7ais \u00ab\u00a0Haouch Goutier\u00a0\u00bb de la commune de Souk El Hed (\u00e0 l\u2019est du chef lieu de Boumerdes) sera transform\u00e9 en un monument historique apr\u00e8s sa restauration qui suivra l\u2019\u00e9vacuation de la trentaine de familles l\u2019occupant actuellement, a-t-on appris mercredi aupr\u00e8s de la directrice des moudjahidines de la wilaya.<\/p>\n<\/div>\n<div class=\"K2FeedFullText\">\n<blockquote>\n<p><em><strong>\u00ab\u00a0Des actions sont en cours en vue du relogement de ces familles squattant le site, depuis plusieurs ann\u00e9es\u00a0\u00bb, a indiqu\u00e9, \u00e0 l\u2019APS, Bouterfa Habiba, signalant la r\u00e9alisation, en cours, \u00e0 leur profit( familles) d\u2019un projet de 50 logements, dont le taux d\u2019avancement est estim\u00e9 \u00e0 plus de 30%, a-t-elle pr\u00e9cis\u00e9.<\/strong><\/em><\/p>\n<\/blockquote>\n<p>La responsable, qui a d\u00e9plor\u00e9 la \u00ab\u00a0non classification du site en d\u00e9pit de sa haute symbolique\u00a0\u00bb \u00e0 cause de son occupation par ces familles, a fait part de la programmation d\u2019une \u00e9tude d\u00e9taill\u00e9e de ce monument historique d\u00e8s le relogement de ses occupants, dans l\u2019objectif d\u2019une restauration, puis classification, est-il escompt\u00e9.<\/p>\n<p>Sur site, l\u2019APS a fait le constat de l\u2019existence encore de certains vestiges de ce camps de tortures, repr\u00e9sent\u00e9s par de minuscules ge\u00f4les en b\u00e9ton, initialement des caves destin\u00e9es \u00e0 la conservation et production du vin, demeur\u00e9es debout \u00e0 ce jour, pour t\u00e9moigner des atrocit\u00e9s commises par l\u2019arm\u00e9e coloniale fran\u00e7aise contre les Alg\u00e9riens.<\/p>\n<p>Ce centre de torture mitoyen \u00e0 la RN5 reliant l&rsquo;Est et le Centre du pays, fut, selon les t\u00e9moignages de moudjahidines de la r\u00e9gion ayant surv\u00e9cu \u00e0 cette p\u00e9riode douloureuse de l&rsquo;histoire de l&rsquo;Alg\u00e9rie, cr\u00e9\u00e9 en 1956.<\/p>\n<p>S\u2019\u00e9tendant sur une surface de 5000 M2, d\u2019une capacit\u00e9 d\u2019accueil de 200 d\u00e9tenus, ce centre de torture \u00e9tait alors dirig\u00e9 par un certain commandant Skerfon, qui \u00e9tait second\u00e9 dans sa tache ignoble par le lieutenant Montasse, en plus d\u2019un nombre de Harkis et d\u2019un groupe de parachutistes assurant la surveillance des lieux.<\/p>\n<p>Ce site, sp\u00e9cialement s\u00e9lectionn\u00e9 pour son isolement extr\u00eame, a abrit\u00e9 les pires tortures pouvant \u00eatre perp\u00e9tr\u00e9es \u00e0 l&rsquo; \u00e9gard des alg\u00e9riens, les moudjahidine du Front de lib\u00e9ration nationale (FLN), voire m\u00eame tout civil suspect\u00e9 d&rsquo;\u00eatre contre la France coloniale, se rappellent des t\u00e9moins.<\/p>\n<blockquote>\n<p><em><strong>Brulures par le feu, ingurgitation d\u2019eau savonneuse, \u00e9lectrocution,torture auditive, planches \u00e0 clous, \u00e9taient le quotidien de tous les d\u00e9tenus de ce camps de concentration, dont les m\u00e9thodes sont interdites \u00e0 l\u2019\u00e9chelle mondiale, se souviennent encore des moudjahidine de la r\u00e9gion.<\/strong><\/em><\/p>\n<\/blockquote>\n<p>C\u2019est dans ces ge\u00f4les, des sortes de \u00ab\u00a0trous\u00a0\u00bb d\u2019\u00e0 peine un ou deux m\u00e8tres de long et de large, que l\u2019arm\u00e9e fran\u00e7aise tassait entre un \u00e0 4 d\u00e9tenus, voire 8 dans certains cas, au moment o\u00f9 la cour du camp servait d\u2019espace de tortures \u00e0 ciel ouvert.<\/p>\n<p>Selon les m\u00eames t\u00e9moignages, ce centre \u00e9tait dot\u00e9 de trois portes principales, dont une situ\u00e9e \u00e0 l\u2019arri\u00e8re destin\u00e9e \u00e0 l\u2019\u00e9vacuation des d\u00e9tenus condamn\u00e9s \u00e0 mort, qui \u00e9taient accompagn\u00e9s vers un Oued mitoyen, o\u00f9 ils \u00e9taient ex\u00e9cut\u00e9s et enterr\u00e9s.<\/p>\n<p>Ce camp de la mort fut ferm\u00e9 \u00e0 l\u2019annonce du cessez- le feu le 19 mars 1962.<\/p>\n<p>\u00a0<\/p>\n<\/div>\n<\/div>\n<p>Auteur:<br \/>\n<a href=\"http:\/\/www.aps.dz\/regions\/87900-boumerdes-le-camp-de-tortures-haouch-goutier-sera-transforme-en-un-monument-historique\">Cliquez ici pour lire l&rsquo;article depuis sa source.<\/a><\/p>\n","protected":false},"excerpt":{"rendered":"<p>BOUMERDES- Le tristement c\u00e9l\u00e8bre camp de tortures du colonialisme fran\u00e7ais \u00ab\u00a0Haouch Goutier\u00a0\u00bb de la commune de Souk El Hed (\u00e0 l\u2019est du chef lieu de Boumerdes) sera transform\u00e9 en un monument historique apr\u00e8s sa restauration qui suivra l\u2019\u00e9vacuation de la trentaine de familles l\u2019occupant actuellement, a-t-on appris mercredi aupr\u00e8s de la directrice des moudjahidines de [&hellip;]<\/p>\n","protected":false},"author":1790,"featured_media":27015,"comment_status":"closed","ping_status":"closed","sticky":false,"template":"","format":"standard","meta":{"fifu_image_url":"","fifu_image_alt":"","footnotes":""},"categories":[53,76],"tags":[],"class_list":["post-27014","post","type-post","status-publish","format-standard","has-post-thumbnail","hentry","category-algerie","category-regions"],"_links":{"self":[{"href":"https:\/\/linitiative.ca\/International\/wp-json\/wp\/v2\/posts\/27014","targetHints":{"allow":["GET"]}}],"collection":[{"href":"https:\/\/linitiative.ca\/International\/wp-json\/wp\/v2\/posts"}],"about":[{"href":"https:\/\/linitiative.ca\/International\/wp-json\/wp\/v2\/types\/post"}],"author":[{"embeddable":true,"href":"https:\/\/linitiative.ca\/International\/wp-json\/wp\/v2\/users\/1790"}],"replies":[{"embeddable":true,"href":"https:\/\/linitiative.ca\/International\/wp-json\/wp\/v2\/comments?post=27014"}],"version-history":[{"count":0,"href":"https:\/\/linitiative.ca\/International\/wp-json\/wp\/v2\/posts\/27014\/revisions"}],"wp:featuredmedia":[{"embeddable":true,"href":"https:\/\/linitiative.ca\/International\/wp-json\/"}],"wp:attachment":[{"href":"https:\/\/linitiative.ca\/International\/wp-json\/wp\/v2\/media?parent=27014"}],"wp:term":[{"taxonomy":"category","embeddable":true,"href":"https:\/\/linitiative.ca\/International\/wp-json\/wp\/v2\/categories?post=27014"},{"taxonomy":"post_tag","embeddable":true,"href":"https:\/\/linitiative.ca\/International\/wp-json\/wp\/v2\/tags?post=27014"}],"curies":[{"name":"wp","href":"https:\/\/api.w.org\/{rel}","templated":true}]}}