{"id":27028,"date":"2019-04-10T15:14:09","date_gmt":"2019-04-10T19:14:09","guid":{"rendered":"https:\/\/linitiative.ca\/International\/ligue-1-2-csc-arama-ne-se-presentera-pas-devant-la-commission-de-discipline\/"},"modified":"2019-04-10T15:14:09","modified_gmt":"2019-04-10T19:14:09","slug":"ligue-1-2-csc-arama-ne-se-presentera-pas-devant-la-commission-de-discipline","status":"publish","type":"post","link":"https:\/\/linitiative.ca\/International\/ligue-1-2-csc-arama-ne-se-presentera-pas-devant-la-commission-de-discipline\/","title":{"rendered":"Ligue 1 &amp; 2 : CSC : Arama ne se pr\u00e9sentera pas devant la commission de discipline"},"content":{"rendered":"<div readability=\"32\">\n<p>Auteur : <span>Hamza S.<\/span> <span class=\"time\">mercredi 10 avril 2019 11:14<\/span><\/p>\n<\/div>\n<div id=\"post_core\" readability=\"101\">\n<p>La commission de discipline de la LFP a convoqu\u00e9 le manager g\u00e9n\u00e9ral Tarek Arama pour la s\u00e9ance de lundi prochain. L\u2019instance pr\u00e9sid\u00e9e par Medouar, au lieu de pr\u00e9senter ses excuses, pour n\u2019avoir pas report\u00e9 le derby face \u00e0 l\u2019ESS et d\u2019avoir provoqu\u00e9 cette d\u00e9faite face \u00e0 l\u2019ES Tunis, a agi autrement en convoquant Arama, suite \u00e0 ses derni\u00e8res d\u00e9clarations, o\u00f9 il a critiqu\u00e9 la LFP. Tarek Arama a pris la d\u00e9cision de ne pas se pr\u00e9senter devant la commission de discipline lundi prochain. Le manager g\u00e9n\u00e9ral du club constantinois a m\u00eame envoy\u00e9 hier une lettre de remerciements \u00e0 la LFP pour n\u2019avoir pas report\u00e9 le derby face \u00e0 l\u2019ESS, alors que l\u2019\u00e9quipe \u00e9tait appel\u00e9e \u00e0 jouer un match important en Ligue des champions d\u2019Afrique. Suite \u00e0 la convocation de Tarek Arama par la commission de discipline de la LFP, ce dernier a eu un soutien de plusieurs parties, car \u00e0 leurs yeux, le premier responsable n\u2019a fait que d\u00e9fendre les int\u00e9r\u00eats de son club.<\/p>\n<p><strong>Arama : \u00ab Je ne me pr\u00e9senterai pas devant la\u00a0 CD de la LFP et apparemment Medouar a un probl\u00e8me avec le CSC \u00bb<\/strong><br \/>Le premier responsable du CSC Tarek Arama ne compte pas se pr\u00e9senter devant la commission de discipline lundi prochain, en nous d\u00e9clarant ce qui suit : \u00ab Je suis vraiment surpris et \u00e9tonn\u00e9 d\u2019apprendre que je suis convoqu\u00e9 \u00e0 la s\u00e9ance de lundi prochain de la commission de discipline, car je trouve \u00e7a injuste. Car au lieu que la LFP pr\u00e9sente ses excuses pour n\u2019avoir pas report\u00e9 le match de l\u2019ESS, bien que je me sois entendu avec Hammar, elle me convoque pour \u00eatre entendu pour mes d\u00e9clarations. Je crois que le pr\u00e9sident de la LFP Abdelkrim Medouar a un probl\u00e8me avec le CS Constantine \u00bb. Et de conclure : \u00ab Je ne vais pas me pr\u00e9senter devant la commission de discipline lundi prochain et je n\u2019irai pas \u00e0 Alger. Je suis occup\u00e9 par les futures \u00e9ch\u00e9ances qui attendent mon \u00e9quipe en Ligue des champions, en coupe\u00a0 d\u2019Alg\u00e9rie et en championnat. Je ne suis pas fautif et j\u2019assume ce que j\u2019ai d\u00e9clar\u00e9 et je n\u2019ai pas touch\u00e9 aux officiels, bien au contraire ce sont eux qui n\u2019ont pas pris en consid\u00e9ration les dol\u00e9ances du CSC qui est le seul repr\u00e9sentant en comp\u00e9tition africaine \u00bb.<br \/>\u00a0<\/p>\n<p><strong>Belkacemi et Lamri soumis \u00e0 un programme sp\u00e9cifique\u2026<br \/>Arama se r\u00e9unit avec\u00a0 le staff m\u00e9dical et exige de les remettre sur pied avant le match du CRB<\/strong><\/p>\n<p>Le manager g\u00e9n\u00e9ral du CSC Tarek Arama s\u2019est r\u00e9uni avec le staff m\u00e9dical, juste apr\u00e8s son retour d\u2019Alger. Arama a demand\u00e9 au staff m\u00e9dical de remettre sur pied Sid Ali Lamri et Smail Belkacemi pour le match du CR Belouizdad dans le cadre des demi-finales aller qui devraient avoir lieu le 17 de ce mois au stade Chahid Hamlaoui de Constantine. Arama ne veut pas que l\u2019\u00e9quipe\u00a0 soit amoindrie des services de deux \u00e9l\u00e9ments cl\u00e9s comme Lamri et\u00a0 Belkacemi.<br \/><strong>Le staff m\u00e9dical le rassure quant \u00e0 leur pr\u00e9sence en match de coupe<\/strong><br \/>Le staff m\u00e9dical du CSC a rassur\u00e9 le manager Tarek Arama quant \u00e0 la pr\u00e9sence et au r\u00e9tablissement des deux joueurs Sid Ali Lamri et Smail Belkacemi pour le match aller de la \u00bd finale de la coupe d\u2019Alg\u00e9rie face aux gars de La\u00e2qiba le 17 de ce mois \u00e0 Hamlaoui. Lamri se sent mieux puisque la d\u00e9chirure est r\u00e9duite de 9 mm \u00e0 5 mm au moins. Il est fort probable qu\u2019il soit m\u00eame pr\u00eat pour le match retour face \u00e0 l\u2019ES Tunis. Mais Lavagne ne va pas prendre de risque et va le m\u00e9nager pour le match contre le CRB. Quant \u00e0 Belkacemi, ce dernier a compliqu\u00e9 sa blessure, apr\u00e8s sa chute au vestiaire apr\u00e8s la fin du match contre l\u2019ES Tunis, alors qu\u2019il portait le pl\u00e2tre. Le m\u00e9decin de l\u2019\u00e9quipe a tout de m\u00eame tenu \u00e0 rassurer Arama quant \u00e0 la remise sur pied de Belkacemi avant le choc du carr\u00e9 d\u2019as face au CR Belouizdad.<br \/><strong>Arama : \u00abJ\u2019ai une seule demande\u2026 pr\u00e9parer Belkacemi et Lamri pour le match aller face au CRB \u00bb<\/strong><br \/>Tarek Arama le manager du club a lanc\u00e9 en direction du staff m\u00e9dical ce qui suit : \u00ab Je vous demande une seule chose, c\u2019est de remettre sur pied les deux joueurs Sid Ali Lamri et Smail Belkacemi, avant le match aller des \u00bd finales face au CRB. Leur pr\u00e9sence pour ce rendez-vous est plus que vitale, elle est indispensable, car ils\u00a0 ont leur poids dans l\u2019\u00e9quipe. La coupe d\u2019Alg\u00e9rie reste notre objectif principal et je veux que le staff technique dispose de tout le monde pour avoir le choix id\u00e9al pour composer son onze face au CR B\u00e9louizdad \u00bb.<br \/>\u00a0<\/p>\n<p><strong>Beldjilali \u00abOn n\u2019a rien \u00e0 perdre face \u00e0 l\u2019ES Tunis et on r\u00e9alisera un grand match \u00e0 Rad\u00e8s\u00bb<\/strong><\/p>\n<p>Keddour Beldjilali se dit confiant quant \u00e0 leurs chances de renverser la situation au stade Rad\u00e8s face aux Tunisiens de l\u2019EST au match retour samedi prochain. Il se dit pr\u00eat \u00e0 jouer et \u00e0 retrouver la comp\u00e9tition face \u00e0 l\u2019ES Tunis.<\/p>\n<p><strong>Qu\u2019est-il de votre blessure ?<\/strong><br \/>Dieu merci je vais bien et ma blessure fait partie du pass\u00e9 puisque j\u2019ai repris en solo lors de la s\u00e9ance de reprise lundi, avant de r\u00e9int\u00e9grer le groupe le lendemain (ndlr, hier). Je suis en possession de mes forces et les douleurs ressenties au dos se sont dissip\u00e9es.<br \/><strong>Serez-vous pr\u00e9sent au match retour face \u00e0 l\u2019ES Tunis ?<\/strong><br \/>Je ferai mon possible pour marquer de ma pr\u00e9sence le match retour \u00e0 Rad\u00e8s. Je regrette d\u2019avoir rat\u00e9 le match aller, et j\u2019ai suivi le match sous pression. Mes co\u00e9quipiers ont r\u00e9ussi une grande partie et se sont donn\u00e9s \u00e0 fond. Malgr\u00e9 les deux buts de retard, ils ont r\u00e9ussi \u00e0 renverser la situation en \u00e9galisant. Ils \u00e9taient m\u00eame proches de la victoire, mais au final ils ont encaiss\u00e9 ce troisi\u00e8me but. Mais tout reste possible en football. Personnellement je ne veux pas rater le match retour et je ferai tout pour jouer.<br \/><strong>Comment voyez-vous vos chances pour la qualfication au dernier carr\u00e9 ?<\/strong><br \/>Nos chances restent intactes, m\u00eame si on sait que notre mission ne sera gu\u00e8re facile. On jouera sans aucune pression et on se donnera \u00e0 fond, pour relever le d\u00e9fi et cr\u00e9er l\u2019exploit. En football rien n\u2019est impossible et on a les capacit\u00e9s de damer le pion \u00e0 l\u2019ES Tunis sur son terrain \u00e0 Rad\u00e8s et devant ses supporters. De toutes les fa\u00e7ons on r\u00e9alisera un grand match \u00e0 Rad\u00e8s c\u2019est promis. Avec le soutien des Sanafir, on pourra cr\u00e9er l\u2019exploit. Notre objectif reste la coupe d\u2019Alg\u00e9rie, mais ce match retour face \u00e0 l\u2019EST est aussi important et on le jouera \u00e0 fond.<br \/><strong>Un commentaire sur le tirage au sort en coupe\u00a0 d\u2019Alg\u00e9rie et le CRB comme\u00a0 adversaire ?<\/strong><br \/>Que voulez-vous que je vous dise, ce sera deux demi-finales palpitantes, soit entre l\u2019ESS et la JSMB ou entre le CSC et le CRB. On aura \u00e0 en d\u00e9coudre avec une \u00e9quipe du CRB qui carbure \u00e0 fond en championnat\u00a0 depuis l\u2019entame de la phase retour. On sera oppos\u00e9s \u00e0 un adversairequi a le vent en poupe\u00a0 et qui jouera sans pression la double confrontation, car son objectif principal reste le maintien en Ligue 1 Mobilis. Quant \u00e0 nous, la coupe d\u2019Alg\u00e9rie est notre objectif supr\u00eame et on fera tout notre possible pour aller jusqu\u2019au bout de notre aventure et remporter le troph\u00e9e qui manque au palmar\u00e8s du club. Apr\u00e8s avoir atteint les \u00bd finales, je crois qu\u2019on n\u2019a plus le droit \u00e0 l\u2019erreur et on doit r\u00e9pondre aux attentes des Sanafir. On doit faire le plein au match aller \u00e0 Hamlaoui pour prendre option pour la\u00a0 finale, avant la manche retour au stade 20-Ao\u00fbt-55. On a un match face \u00e0 l\u2019ES Tunis, apr\u00e8s on pensera au match aller des \u00bd finales face au CR Belouizdad.<br \/>\u00a0<\/p>\n<p><strong>Publi\u00e9 dans :<\/strong> <span>csc<\/span> <span>Beldjilali<\/span> <span>arama<\/span> <span>Belkacemi et Lamri<\/span><\/p>\n<\/div>\n<p>Auteur:<br \/>\n<a href=\"http:\/\/www.lebuteur.com\/article\/detail?titre=csc-arama-ne-se-presentera-pas-devant-la-commission-de-discipline&#038;id=87864&#038;utm_source=feedburner&#038;utm_medium=feed&#038;utm_campaign=Feed%3A+GalerieFArtciles+%28Les+derniers+articles++-+lebuteur.com%29\">Cliquez ici pour lire l&rsquo;article depuis sa source.<\/a><\/p>\n","protected":false},"excerpt":{"rendered":"<p>Auteur : Hamza S. mercredi 10 avril 2019 11:14 La commission de discipline de la LFP a convoqu\u00e9 le manager g\u00e9n\u00e9ral Tarek Arama pour la s\u00e9ance de lundi prochain. L\u2019instance pr\u00e9sid\u00e9e par Medouar, au lieu de pr\u00e9senter ses excuses, pour n\u2019avoir pas report\u00e9 le derby face \u00e0 l\u2019ESS et d\u2019avoir provoqu\u00e9 cette d\u00e9faite face \u00e0 [&hellip;]<\/p>\n","protected":false},"author":1738,"featured_media":27029,"comment_status":"closed","ping_status":"closed","sticky":false,"template":"","format":"standard","meta":{"fifu_image_url":"","fifu_image_alt":"","footnotes":""},"categories":[53,75],"tags":[],"class_list":["post-27028","post","type-post","status-publish","format-standard","has-post-thumbnail","hentry","category-algerie","category-sport"],"_links":{"self":[{"href":"https:\/\/linitiative.ca\/International\/wp-json\/wp\/v2\/posts\/27028","targetHints":{"allow":["GET"]}}],"collection":[{"href":"https:\/\/linitiative.ca\/International\/wp-json\/wp\/v2\/posts"}],"about":[{"href":"https:\/\/linitiative.ca\/International\/wp-json\/wp\/v2\/types\/post"}],"author":[{"embeddable":true,"href":"https:\/\/linitiative.ca\/International\/wp-json\/wp\/v2\/users\/1738"}],"replies":[{"embeddable":true,"href":"https:\/\/linitiative.ca\/International\/wp-json\/wp\/v2\/comments?post=27028"}],"version-history":[{"count":0,"href":"https:\/\/linitiative.ca\/International\/wp-json\/wp\/v2\/posts\/27028\/revisions"}],"wp:featuredmedia":[{"embeddable":true,"href":"https:\/\/linitiative.ca\/International\/wp-json\/"}],"wp:attachment":[{"href":"https:\/\/linitiative.ca\/International\/wp-json\/wp\/v2\/media?parent=27028"}],"wp:term":[{"taxonomy":"category","embeddable":true,"href":"https:\/\/linitiative.ca\/International\/wp-json\/wp\/v2\/categories?post=27028"},{"taxonomy":"post_tag","embeddable":true,"href":"https:\/\/linitiative.ca\/International\/wp-json\/wp\/v2\/tags?post=27028"}],"curies":[{"name":"wp","href":"https:\/\/api.w.org\/{rel}","templated":true}]}}