{"id":27032,"date":"2019-04-10T15:14:12","date_gmt":"2019-04-10T19:14:12","guid":{"rendered":"https:\/\/linitiative.ca\/International\/pros-dijon-des-nouvelles-de-mehdi-abeid\/"},"modified":"2019-04-10T15:14:12","modified_gmt":"2019-04-10T19:14:12","slug":"pros-dijon-des-nouvelles-de-mehdi-abeid","status":"publish","type":"post","link":"https:\/\/linitiative.ca\/International\/pros-dijon-des-nouvelles-de-mehdi-abeid\/","title":{"rendered":"Pros : Dijon : Des nouvelles de Mehdi Abeid"},"content":{"rendered":"<div readability=\"32\">\n<p>Auteur : <span class=\"time\">mercredi 10 avril 2019 13:41<\/span><\/p>\n<\/div>\n<div id=\"post_core\" readability=\"42\">\n<p>Dijon est en effet priv\u00e9 des services du milieu de terrain international alg\u00e9rien, absent depuis son retour de s\u00e9lection le 27 mars.<\/p>\n<p>L&rsquo;ancien joueur du Panathina\u00efkos Ath\u00e8nes souffre en effet d&rsquo;une \u00e9longation comme le rapporte L&rsquo;Equipe. Initialement, Antoine Kombouar\u00e9 misait sur une absence de trois semaines environ. \u00ab\u00a0C&rsquo;est plus grave que pr\u00e9vu\u00a0\u00bb, a confirm\u00e9 le coach dijonnais, qui n&rsquo;a cependant pas souhait\u00e9 \u00e9voquer une fin de saison pour son joueur.<\/p>\n<p><strong>Publi\u00e9 dans :<\/strong> <span>Dijon<\/span><\/p>\n<\/div>\n<p>Auteur:<br \/>\n<a href=\"http:\/\/www.lebuteur.com\/article\/detail?titre=dijon-des-nouvelles-de-mehdi-abeid&#038;id=87885&#038;utm_source=feedburner&#038;utm_medium=feed&#038;utm_campaign=Feed%3A+GalerieFArtciles+%28Les+derniers+articles++-+lebuteur.com%29\">Cliquez ici pour lire l&rsquo;article depuis sa source.<\/a><\/p>\n","protected":false},"excerpt":{"rendered":"<p>Auteur : mercredi 10 avril 2019 13:41 Dijon est en effet priv\u00e9 des services du milieu de terrain international alg\u00e9rien, absent depuis son retour de s\u00e9lection le 27 mars. L&rsquo;ancien joueur du Panathina\u00efkos Ath\u00e8nes souffre en effet d&rsquo;une \u00e9longation comme le rapporte L&rsquo;Equipe. Initialement, Antoine Kombouar\u00e9 misait sur une absence de trois semaines environ. \u00ab\u00a0C&rsquo;est [&hellip;]<\/p>\n","protected":false},"author":1738,"featured_media":27033,"comment_status":"closed","ping_status":"closed","sticky":false,"template":"","format":"standard","meta":{"fifu_image_url":"","fifu_image_alt":"","footnotes":""},"categories":[53,75],"tags":[],"class_list":["post-27032","post","type-post","status-publish","format-standard","has-post-thumbnail","hentry","category-algerie","category-sport"],"_links":{"self":[{"href":"https:\/\/linitiative.ca\/International\/wp-json\/wp\/v2\/posts\/27032","targetHints":{"allow":["GET"]}}],"collection":[{"href":"https:\/\/linitiative.ca\/International\/wp-json\/wp\/v2\/posts"}],"about":[{"href":"https:\/\/linitiative.ca\/International\/wp-json\/wp\/v2\/types\/post"}],"author":[{"embeddable":true,"href":"https:\/\/linitiative.ca\/International\/wp-json\/wp\/v2\/users\/1738"}],"replies":[{"embeddable":true,"href":"https:\/\/linitiative.ca\/International\/wp-json\/wp\/v2\/comments?post=27032"}],"version-history":[{"count":0,"href":"https:\/\/linitiative.ca\/International\/wp-json\/wp\/v2\/posts\/27032\/revisions"}],"wp:featuredmedia":[{"embeddable":true,"href":"https:\/\/linitiative.ca\/International\/wp-json\/"}],"wp:attachment":[{"href":"https:\/\/linitiative.ca\/International\/wp-json\/wp\/v2\/media?parent=27032"}],"wp:term":[{"taxonomy":"category","embeddable":true,"href":"https:\/\/linitiative.ca\/International\/wp-json\/wp\/v2\/categories?post=27032"},{"taxonomy":"post_tag","embeddable":true,"href":"https:\/\/linitiative.ca\/International\/wp-json\/wp\/v2\/tags?post=27032"}],"curies":[{"name":"wp","href":"https:\/\/api.w.org\/{rel}","templated":true}]}}