{"id":27036,"date":"2019-04-10T15:14:14","date_gmt":"2019-04-10T19:14:14","guid":{"rendered":"https:\/\/linitiative.ca\/International\/pros-om-zubizarreta-sactive-pour-brahimi\/"},"modified":"2019-04-10T15:14:14","modified_gmt":"2019-04-10T19:14:14","slug":"pros-om-zubizarreta-sactive-pour-brahimi","status":"publish","type":"post","link":"https:\/\/linitiative.ca\/International\/pros-om-zubizarreta-sactive-pour-brahimi\/","title":{"rendered":"Pros : OM: Zubizarreta s&rsquo;active pour Brahimi"},"content":{"rendered":"<div readability=\"32\">\n<p>Auteur : <span class=\"time\">mercredi 10 avril 2019 14:48<\/span><\/p>\n<\/div>\n<div id=\"post_core\" readability=\"41\">\n<p>Dans le rouge financi\u00e8rement, le club phoc\u00e9en devra vendre en cas de non-qualification pour la Ligue des Champions et le nom de Florian Thauvin est de plus en plus associ\u00e9 \u00e0 l\u2019Italie dans l\u2019optique d\u2019un d\u00e9part. N\u00e9anmoins, Andoni Zubizarreta scrute \u00e9galement \u00e0 l\u2019\u00e9tranger pour d\u2019\u00e9ventuelles arriv\u00e9es \u00e0 moindre co\u00fbt. Et selon les informations obtenues par Foot365, les scouts du directeur sportif espagnol \u00e9taient pr\u00e9sents \u00e0 Porto ce week-end pour assister au match entre le FC Porto et Boavista. Une rencontre au cours de laquelle de nombreux joueurs susceptibles d\u2019int\u00e9resser l\u2019OM ont ainsi \u00e9t\u00e9 observ\u00e9s. Selon Le Phoc\u00e9en, il n\u2019est pas impossible que de nouveaux renseignements aient \u00e9t\u00e9 pris sur l\u2019attaquant Moussa Marega et le milieu offensif Yacine Brahimi, dont le contrat expire le 30 juin prochain. D\u2019autres joueurs moins connus comme Otavio ou encore Soares ont \u00e9galement le profil pour int\u00e9resser Marseille. Reste maintenant \u00e0 quel prix est estim\u00e9 tout ce beau monde et surtout, de quels moyens financiers Jacques-Henri Eyraud disposera cet \u00e9t\u00e9 rapporte foot01.com.<\/p>\n<p><strong>Publi\u00e9 dans :<\/strong> <span>Brahimi<\/span><\/p>\n<\/div>\n<p>Auteur:<br \/>\n<a href=\"http:\/\/www.lebuteur.com\/article\/detail?titre=om-zubizarreta-sactive-pour-brahimi&#038;id=87887&#038;utm_source=feedburner&#038;utm_medium=feed&#038;utm_campaign=Feed%3A+GalerieFArtciles+%28Les+derniers+articles++-+lebuteur.com%29\">Cliquez ici pour lire l&rsquo;article depuis sa source.<\/a><\/p>\n","protected":false},"excerpt":{"rendered":"<p>Auteur : mercredi 10 avril 2019 14:48 Dans le rouge financi\u00e8rement, le club phoc\u00e9en devra vendre en cas de non-qualification pour la Ligue des Champions et le nom de Florian Thauvin est de plus en plus associ\u00e9 \u00e0 l\u2019Italie dans l\u2019optique d\u2019un d\u00e9part. N\u00e9anmoins, Andoni Zubizarreta scrute \u00e9galement \u00e0 l\u2019\u00e9tranger pour d\u2019\u00e9ventuelles arriv\u00e9es \u00e0 moindre [&hellip;]<\/p>\n","protected":false},"author":1738,"featured_media":27037,"comment_status":"closed","ping_status":"closed","sticky":false,"template":"","format":"standard","meta":{"fifu_image_url":"","fifu_image_alt":"","footnotes":""},"categories":[53,75],"tags":[],"class_list":["post-27036","post","type-post","status-publish","format-standard","has-post-thumbnail","hentry","category-algerie","category-sport"],"_links":{"self":[{"href":"https:\/\/linitiative.ca\/International\/wp-json\/wp\/v2\/posts\/27036","targetHints":{"allow":["GET"]}}],"collection":[{"href":"https:\/\/linitiative.ca\/International\/wp-json\/wp\/v2\/posts"}],"about":[{"href":"https:\/\/linitiative.ca\/International\/wp-json\/wp\/v2\/types\/post"}],"author":[{"embeddable":true,"href":"https:\/\/linitiative.ca\/International\/wp-json\/wp\/v2\/users\/1738"}],"replies":[{"embeddable":true,"href":"https:\/\/linitiative.ca\/International\/wp-json\/wp\/v2\/comments?post=27036"}],"version-history":[{"count":0,"href":"https:\/\/linitiative.ca\/International\/wp-json\/wp\/v2\/posts\/27036\/revisions"}],"wp:featuredmedia":[{"embeddable":true,"href":"https:\/\/linitiative.ca\/International\/wp-json\/"}],"wp:attachment":[{"href":"https:\/\/linitiative.ca\/International\/wp-json\/wp\/v2\/media?parent=27036"}],"wp:term":[{"taxonomy":"category","embeddable":true,"href":"https:\/\/linitiative.ca\/International\/wp-json\/wp\/v2\/categories?post=27036"},{"taxonomy":"post_tag","embeddable":true,"href":"https:\/\/linitiative.ca\/International\/wp-json\/wp\/v2\/tags?post=27036"}],"curies":[{"name":"wp","href":"https:\/\/api.w.org\/{rel}","templated":true}]}}