{"id":27038,"date":"2019-04-10T15:14:15","date_gmt":"2019-04-10T19:14:15","guid":{"rendered":"https:\/\/linitiative.ca\/International\/international-manchester-city-guardiola-explique-son-choix-de-titulariser-mahrez-face-a-tottenham\/"},"modified":"2019-04-10T15:14:15","modified_gmt":"2019-04-10T19:14:15","slug":"international-manchester-city-guardiola-explique-son-choix-de-titulariser-mahrez-face-a-tottenham","status":"publish","type":"post","link":"https:\/\/linitiative.ca\/International\/international-manchester-city-guardiola-explique-son-choix-de-titulariser-mahrez-face-a-tottenham\/","title":{"rendered":"International : Manchester City: Guardiola explique son choix de titulariser Mahrez face \u00e0 Tottenham"},"content":{"rendered":"<div readability=\"32\">\n<p>Auteur : <span class=\"time\">mercredi 10 avril 2019 14:49<\/span><\/p>\n<\/div>\n<div id=\"post_core\" readability=\"53\">\n<p>Delph, Mahrez et G\u00fcndogan titulaires, De Bruyne et San\u00e9 sur le banc, Bernardo Silva et Benjamin Mendy non retenus dans le groupe, cela a g\u00e9n\u00e9r\u00e9 plusieurs questions en conf\u00e9rence de presse :<\/p>\n<p>\u00ab\u00a0Apr\u00e8s 4 ou 5 mois de blessure, deux matches en quatre jours pour Mendy aurait \u00e9t\u00e9 trop. Bernardo ne pouvait pas jouer alors j\u2019ai mis Riyad (Mahrez, ndlr) et il a bien jou\u00e9, particuli\u00e8rement en seconde p\u00e9riode, lorsqu\u2019il avait quelqu\u2019un proche de lui, car en premi\u00e8re mi-temps, ce n\u2019\u00e9tait pas facile pour lui. En seconde p\u00e9riode nous avons trouv\u00e9 des situations et il a bien mieux jou\u00e9. A cet instant de la saison, il y a des blessures, il y a des probl\u00e8mes. Esp\u00e9rons que Bernardo sera r\u00e9tabli la semaine prochaine\u00a0\u00bb, a comment\u00e9 Pep Guardiola \u00e0 l\u2019issue de la rencontre et comme rapport\u00e9 par Footmercato.<\/p>\n<p><strong>Publi\u00e9 dans :<\/strong> <span>Manchester City<\/span><\/p>\n<\/div>\n<p>Auteur:<br \/>\n<a href=\"http:\/\/www.lebuteur.com\/article\/detail?titre=manchester-city-guardiola-explique-son-choix-de-titulariser-mahrez-face-a-tottenham&#038;id=87884&#038;utm_source=feedburner&#038;utm_medium=feed&#038;utm_campaign=Feed%3A+GalerieFArtciles+%28Les+derniers+articles++-+lebuteur.com%29\">Cliquez ici pour lire l&rsquo;article depuis sa source.<\/a><\/p>\n","protected":false},"excerpt":{"rendered":"<p>Auteur : mercredi 10 avril 2019 14:49 Delph, Mahrez et G\u00fcndogan titulaires, De Bruyne et San\u00e9 sur le banc, Bernardo Silva et Benjamin Mendy non retenus dans le groupe, cela a g\u00e9n\u00e9r\u00e9 plusieurs questions en conf\u00e9rence de presse : \u00ab\u00a0Apr\u00e8s 4 ou 5 mois de blessure, deux matches en quatre jours pour Mendy aurait \u00e9t\u00e9 [&hellip;]<\/p>\n","protected":false},"author":1738,"featured_media":27039,"comment_status":"closed","ping_status":"closed","sticky":false,"template":"","format":"standard","meta":{"fifu_image_url":"","fifu_image_alt":"","footnotes":""},"categories":[53,75],"tags":[],"class_list":["post-27038","post","type-post","status-publish","format-standard","has-post-thumbnail","hentry","category-algerie","category-sport"],"_links":{"self":[{"href":"https:\/\/linitiative.ca\/International\/wp-json\/wp\/v2\/posts\/27038","targetHints":{"allow":["GET"]}}],"collection":[{"href":"https:\/\/linitiative.ca\/International\/wp-json\/wp\/v2\/posts"}],"about":[{"href":"https:\/\/linitiative.ca\/International\/wp-json\/wp\/v2\/types\/post"}],"author":[{"embeddable":true,"href":"https:\/\/linitiative.ca\/International\/wp-json\/wp\/v2\/users\/1738"}],"replies":[{"embeddable":true,"href":"https:\/\/linitiative.ca\/International\/wp-json\/wp\/v2\/comments?post=27038"}],"version-history":[{"count":0,"href":"https:\/\/linitiative.ca\/International\/wp-json\/wp\/v2\/posts\/27038\/revisions"}],"wp:featuredmedia":[{"embeddable":true,"href":"https:\/\/linitiative.ca\/International\/wp-json\/"}],"wp:attachment":[{"href":"https:\/\/linitiative.ca\/International\/wp-json\/wp\/v2\/media?parent=27038"}],"wp:term":[{"taxonomy":"category","embeddable":true,"href":"https:\/\/linitiative.ca\/International\/wp-json\/wp\/v2\/categories?post=27038"},{"taxonomy":"post_tag","embeddable":true,"href":"https:\/\/linitiative.ca\/International\/wp-json\/wp\/v2\/tags?post=27038"}],"curies":[{"name":"wp","href":"https:\/\/api.w.org\/{rel}","templated":true}]}}