{"id":27042,"date":"2019-04-09T19:00:00","date_gmt":"2019-04-09T23:00:00","guid":{"rendered":"https:\/\/linitiative.ca\/International\/ffs-une-solution-politique\/"},"modified":"2019-04-09T19:00:00","modified_gmt":"2019-04-09T23:00:00","slug":"ffs-une-solution-politique","status":"publish","type":"post","link":"https:\/\/linitiative.ca\/International\/ffs-une-solution-politique\/","title":{"rendered":"FFS : Une solution politique"},"content":{"rendered":"<p>Le groupe parlementaire du Front des forces socialistes (FFS) \u00e0 l&rsquo;Assembl\u00e9e populaire nationale (APN) a pr\u00e9conis\u00e9 une \u00absolution politique et consensuelle\u00bb \u00e0 la crise que vit le pays, devant aboutir \u00e0 une \u00abv\u00e9ritable transition d\u00e9mocratique\u00bb. \u00abLes Alg\u00e9riennes et les Alg\u00e9riens exigent le changement du syst\u00e8me par la voie d&rsquo;une solution politique et consensuelle qui aboutira \u00e0 une v\u00e9ritable transition d\u00e9mocratique\u00bb, indique un communiqu\u00e9 du groupe parlementaire du FFS rendu public hier. Il a exprim\u00e9 sa conviction que \u00abseule une transition d\u00e9mocratique au terme d&rsquo;un processus constituant et l&rsquo;\u00e9lection d&rsquo;une Assembl\u00e9e Constituante, permettra aux Alg\u00e9riennes et aux Alg\u00e9riens d&rsquo;exercer leur souverainet\u00e9\u00bb. Pour le groupe parlementaire du FFS, le fait de \u00abvouloir imposer la voie constitutionnelle comme seule option ne r\u00e9pond pas aux aspirations et aux revendications populaires\u00bb, estimant que cette voie \u00abne saurait \u00eatre porteuse d&rsquo;une solution \u00e0 une crise \u00e9minemment politique\u00bb.<\/p>\n<p>Auteur: elmoudjahid<br \/>\n<a href=\"http:\/\/www.elmoudjahid.com\/fr\/actualites\/135682\">Cliquez ici pour lire l&rsquo;article depuis sa source.<\/a><\/p>\n","protected":false},"excerpt":{"rendered":"<p>Le groupe parlementaire du Front des forces socialistes (FFS) \u00e0 l&rsquo;Assembl\u00e9e populaire nationale (APN) a pr\u00e9conis\u00e9 une \u00absolution politique et consensuelle\u00bb \u00e0 la crise que vit le pays, devant aboutir \u00e0 une \u00abv\u00e9ritable transition d\u00e9mocratique\u00bb. \u00abLes Alg\u00e9riennes et les Alg\u00e9riens exigent le changement du syst\u00e8me par la voie d&rsquo;une solution politique et consensuelle qui aboutira [&hellip;]<\/p>\n","protected":false},"author":1744,"featured_media":0,"comment_status":"closed","ping_status":"closed","sticky":false,"template":"","format":"standard","meta":{"fifu_image_url":"","fifu_image_alt":"","footnotes":""},"categories":[73,53],"tags":[],"class_list":["post-27042","post","type-post","status-publish","format-standard","hentry","category-actualite","category-algerie"],"_links":{"self":[{"href":"https:\/\/linitiative.ca\/International\/wp-json\/wp\/v2\/posts\/27042","targetHints":{"allow":["GET"]}}],"collection":[{"href":"https:\/\/linitiative.ca\/International\/wp-json\/wp\/v2\/posts"}],"about":[{"href":"https:\/\/linitiative.ca\/International\/wp-json\/wp\/v2\/types\/post"}],"author":[{"embeddable":true,"href":"https:\/\/linitiative.ca\/International\/wp-json\/wp\/v2\/users\/1744"}],"replies":[{"embeddable":true,"href":"https:\/\/linitiative.ca\/International\/wp-json\/wp\/v2\/comments?post=27042"}],"version-history":[{"count":0,"href":"https:\/\/linitiative.ca\/International\/wp-json\/wp\/v2\/posts\/27042\/revisions"}],"wp:attachment":[{"href":"https:\/\/linitiative.ca\/International\/wp-json\/wp\/v2\/media?parent=27042"}],"wp:term":[{"taxonomy":"category","embeddable":true,"href":"https:\/\/linitiative.ca\/International\/wp-json\/wp\/v2\/categories?post=27042"},{"taxonomy":"post_tag","embeddable":true,"href":"https:\/\/linitiative.ca\/International\/wp-json\/wp\/v2\/tags?post=27042"}],"curies":[{"name":"wp","href":"https:\/\/api.w.org\/{rel}","templated":true}]}}