{"id":27043,"date":"2019-04-09T19:00:00","date_gmt":"2019-04-09T23:00:00","guid":{"rendered":"https:\/\/linitiative.ca\/International\/le-ministre-de-la-communication-porte-parole-du-gouvernement-transparence-dans-loctroi-de-la-publicite-publique\/"},"modified":"2019-04-09T19:00:00","modified_gmt":"2019-04-09T23:00:00","slug":"le-ministre-de-la-communication-porte-parole-du-gouvernement-transparence-dans-loctroi-de-la-publicite-publique","status":"publish","type":"post","link":"https:\/\/linitiative.ca\/International\/le-ministre-de-la-communication-porte-parole-du-gouvernement-transparence-dans-loctroi-de-la-publicite-publique\/","title":{"rendered":"Le ministre de la Communication, porte-parole  du Gouvernement : \u00ab Transparence dans l\u2019octroi  de la publicit\u00e9 publique \u00bb"},"content":{"rendered":"<p><strong>Le ministre de la Communication et porte-parole du gouvernement s\u2019est rendu, hier \u00e0 Alger,\u00a0 au si\u00e8ge de l\u2019Agence nationale d\u2019\u00e9dition et de publicit\u00e9 (ANEP), sis rue Khelifa-Boukhalfa (Alger), et y a tenu une s\u00e9ance de travail sur la th\u00e9matique de la publicit\u00e9.<\/strong><\/p>\n<p>S\u2019exprimant, en marge de cette sortie, Hassane Rabehi a d\u00e9clar\u00e9 que \u00able gouvernement, en vertu des principes d\u00e9mocratiques, demeure soucieux de pr\u00e9server la libert\u00e9 d\u2019expression et d\u2019opinion\u00bb, et appel\u00e9, \u00e0 cette occasion, les m\u00e9dias \u00e0 \u00abveiller \u00e0 l\u2019int\u00e9r\u00eat supr\u00eame de la nation\u00bb. \u00abJe suis ici, dans le cadre des nombreuses visites que j\u2019effectue, pour mieux conna\u00eetre le fonctionnement de cette agence, et faire connaissance avec ses responsables\u00bb, a-t-il fait savoir, non sans affirmer que cette visite s\u2019inscrit dans le cadre de la volont\u00e9 de permettre l\u2019am\u00e9lioration de ses services.<br \/>Cette sortie est \u00e9galement l\u2019occasion d\u2019examiner les voies et moyens d\u2019appliquer les d\u00e9cisions prises, lors du dernier Conseil du gouvernement ayant pour but, selon le ministre, une \u00abmeilleure\u00bb transparence dans la distribution des espaces publicitaires.\u00a0 Une d\u00e9cision jug\u00e9e par les observateurs de \u00abrationnelle\u00bb et de \u00abd\u00e9mocratique\u00bb. \u00abJe viens de donner des instructions fermes \u00e0 destination des responsables de l\u2019ANEP, pour ex\u00e9cuter cette d\u00e9cision gouvernementale et constituer une commission consultative compos\u00e9e de comp\u00e9tences qui s\u2019attellera \u00e0 s\u2019entretenir avec l\u2019ensemble des partenaires\u00bb, a ajout\u00e9 M. Rabehi, indiquant que son d\u00e9partement s\u2019attelle \u00e0 mettre en place un conseil d\u2019\u00e9thique et de d\u00e9ontologie de la corporation. \u00abNous sommes entrain de penser \u00e9galement \u00e0 la cr\u00e9ation d\u2019une commission qui sera habilit\u00e9e\u00a0\u00e0 d\u00e9livrer la carte de presse aux journalistes professionnels\u00bb, a-t-il soulign\u00e9.Le ministre de la Communication a assur\u00e9 que le gouvernement respecte l\u2019ensemble des m\u00e9dias nationaux, tant du secteur priv\u00e9 que du secteur public, et affirm\u00e9, \u00e0 propos de l\u2019actualit\u00e9 nationale, que les membres du gouvernement, \u00abcomp\u00e9tents dans leurs secteurs respectifs, sont les enfants de ce peuple\u00bb. \u00abS\u2019ils ont accept\u00e9 cette mission, c\u2019est avant tout un signe d\u2019engagement pour la continuit\u00e9\u00a0des institutions du pays qui appartiennent au peuple, il ne faut pas l\u2019oublier\u00bb, a-t-il affirm\u00e9, en relevant que \u00ables institutions structurent la nation et doivent de ce fait\u00a0 \u00eatre pr\u00e9serv\u00e9es, car une soci\u00e9t\u00e9 sans ordre tend vers le d\u00e9sordre\u00bb. \u00a0<br \/>R\u00e9pondant \u00e0 une question portant sur le r\u00f4le des r\u00e9seaux sociaux, le premier responsable du secteur a expliqu\u00e9 qu\u2019ils sont devenus un moyen pour \u00abd\u00e9stabiliser\u00bb les pays. M. Rabehi a mis \u00e0 profit cette opportunit\u00e9, pour appeler les citoyens \u00e0 la \u00abvigilance\u00bb et \u00e0 constituer une barri\u00e8re pour stopper net dans leur \u00e9lan, toutes les personnes qui \u00abne veulent pas du bien pour ce pays\u00bb.<br \/>Pour rappel, la R\u00e9gie presse publicitaire est l\u2019activit\u00e9 principale de l\u2019ANEP. R\u00e9gisseur de plus de 107 titres de presse, elle est \u00e9galement en relation avec la presse internationale pour la programmation et la diffusion de la publicit\u00e9 des annonceurs alg\u00e9riens. Avec ses cinq agences r\u00e9gionales dans les plus grandes villes, toutes \u00e9quip\u00e9es de mat\u00e9riel de pointe, la R\u00e9gie publicitaire assure l\u2019\u00e9tude, l\u2019achat et la facturation des espaces dans les m\u00e9dias. Gr\u00e2ce \u00e0 une \u00e9quipe de professionnels, l\u2019ANEP propose aux annonceurs une gamme de services et de prestations, allant de la conception et la traduction, \u00e0 l\u2019ex\u00e9cution et au contr\u00f4le de conformit\u00e9 de l\u2019annonce publicitaire.<br \/>Sami Ka\u00efdi<\/p>\n<p>Auteur: elmoudjahid<br \/>\n<a href=\"http:\/\/www.elmoudjahid.com\/fr\/actualites\/135683\">Cliquez ici pour lire l&rsquo;article depuis sa source.<\/a><\/p>\n","protected":false},"excerpt":{"rendered":"<p>Le ministre de la Communication et porte-parole du gouvernement s\u2019est rendu, hier \u00e0 Alger,\u00a0 au si\u00e8ge de l\u2019Agence nationale d\u2019\u00e9dition et de publicit\u00e9 (ANEP), sis rue Khelifa-Boukhalfa (Alger), et y a tenu une s\u00e9ance de travail sur la th\u00e9matique de la publicit\u00e9. S\u2019exprimant, en marge de cette sortie, Hassane Rabehi a d\u00e9clar\u00e9 que \u00able gouvernement, [&hellip;]<\/p>\n","protected":false},"author":1744,"featured_media":0,"comment_status":"closed","ping_status":"closed","sticky":false,"template":"","format":"standard","meta":{"fifu_image_url":"","fifu_image_alt":"","footnotes":""},"categories":[73,53],"tags":[],"class_list":["post-27043","post","type-post","status-publish","format-standard","hentry","category-actualite","category-algerie"],"_links":{"self":[{"href":"https:\/\/linitiative.ca\/International\/wp-json\/wp\/v2\/posts\/27043","targetHints":{"allow":["GET"]}}],"collection":[{"href":"https:\/\/linitiative.ca\/International\/wp-json\/wp\/v2\/posts"}],"about":[{"href":"https:\/\/linitiative.ca\/International\/wp-json\/wp\/v2\/types\/post"}],"author":[{"embeddable":true,"href":"https:\/\/linitiative.ca\/International\/wp-json\/wp\/v2\/users\/1744"}],"replies":[{"embeddable":true,"href":"https:\/\/linitiative.ca\/International\/wp-json\/wp\/v2\/comments?post=27043"}],"version-history":[{"count":0,"href":"https:\/\/linitiative.ca\/International\/wp-json\/wp\/v2\/posts\/27043\/revisions"}],"wp:attachment":[{"href":"https:\/\/linitiative.ca\/International\/wp-json\/wp\/v2\/media?parent=27043"}],"wp:term":[{"taxonomy":"category","embeddable":true,"href":"https:\/\/linitiative.ca\/International\/wp-json\/wp\/v2\/categories?post=27043"},{"taxonomy":"post_tag","embeddable":true,"href":"https:\/\/linitiative.ca\/International\/wp-json\/wp\/v2\/tags?post=27043"}],"curies":[{"name":"wp","href":"https:\/\/api.w.org\/{rel}","templated":true}]}}