{"id":27046,"date":"2019-04-09T19:00:00","date_gmt":"2019-04-09T23:00:00","guid":{"rendered":"https:\/\/linitiative.ca\/International\/campagne-cerealiere-accompagner-les-agriculteurs\/"},"modified":"2019-04-09T19:00:00","modified_gmt":"2019-04-09T23:00:00","slug":"campagne-cerealiere-accompagner-les-agriculteurs","status":"publish","type":"post","link":"https:\/\/linitiative.ca\/International\/campagne-cerealiere-accompagner-les-agriculteurs\/","title":{"rendered":"Campagne c\u00e9r\u00e9ali\u00e8re  :  Accompagner  les agriculteurs"},"content":{"rendered":"<p>\u00a0Le ministre de l\u2019Agriculture, du D\u00e9veloppement rural et de la P\u00eache, Ch\u00e9rif Omari, a donn\u00e9 hier instruction pour prendre toutes les mesures n\u00e9cessaires, \u00e0 l\u2019effet de mettre \u00e0 la disposition des agriculteurs, tous les moyens n\u00e9cessaires au bon d\u00e9roulement de la campagne c\u00e9r\u00e9ali\u00e8re 2018\/2019, et ce lors d\u2019une r\u00e9union du Comit\u00e9 national de pr\u00e9paration, du suivi et d\u2019\u00e9valuation de la campagne.<br \/>La r\u00e9union a vu la participation des repr\u00e9sentants de l\u2019interprofession des fili\u00e8res c\u00e9r\u00e9ales et l\u00e9gumes secs, et des repr\u00e9sentants de structures membres du Comit\u00e9 national de pr\u00e9paration, du suivi et d\u2019\u00e9valuation de la campagne, dont l\u2019Office alg\u00e9rien interprofessionnel des c\u00e9r\u00e9ales (OAIC), la Chambre nationale d\u2019agriculture, la Caisse nationale de la mutualit\u00e9 agricole (CNMA), la BADR, ainsi que les instituts techniques. M. Omari a rappel\u00e9 le caract\u00e8re strat\u00e9gique de cette fili\u00e8re par sa place dans la production et la consommation nationales. Le ministre a not\u00e9 avec satisfaction les conditions climatiques et techniques favorables \u00e0 une bonne r\u00e9colte c\u00e9r\u00e9ali\u00e8re cette ann\u00e9e, tout en appelant les structures concern\u00e9es \u00e0 une mobilisation accrue pour accompagner les professionnels, et ce dans l\u2019objectif d\u2019am\u00e9liorer la productivit\u00e9 et la production. Concernant la campagne moisson-battage, qui devrait commencer fin avril au sud du pays, M. Omari a insist\u00e9 sur l\u2019importance de mobiliser tous les moyens humains et mat\u00e9riels pour faciliter aux c\u00e9r\u00e9aliculteurs, la r\u00e9colte, la livraison et le stockage de la production dans de bonnes conditions. Abordant le volet irrigation, dont l\u2019objectif assign\u00e9 \u00e0 cette fili\u00e8re est d\u2019atteindre 600.000 hectares (ha) d\u2019ici \u00e0 2020, il a appel\u00e9 \u00e0 l\u2019examen d\u2019autres palliatifs pouvant aider \u00e0 atteindre cet objectif. Il a \u00e9galement appel\u00e9 au changement de paradigme et de m\u00e9thodes de travail, et \u00e0 l\u2019int\u00e9gration des connaissances et savoir-faire des professionnels, des instituts techniques et des universit\u00e9s, pour am\u00e9liorer la production et r\u00e9duire la d\u00e9pendance du pays du march\u00e9 c\u00e9r\u00e9alier ext\u00e9rieur. S\u2019agissant de la campagne c\u00e9r\u00e9ali\u00e8re 2018\/2019, la surface emblav\u00e9e est estim\u00e9e \u00e0 plus de 3,5 millions d\u2019ha, contre 3,4 millions ha, lors de la campagne pr\u00e9c\u00e9dente, avec la mobilisation de 3,2 millions de quintaux de semences certifi\u00e9es et 2,2 millions de q d\u2019engrais. Pour les l\u00e9gumes secs, la campagne actuelle a enregistr\u00e9 une production record de lentilles de 200.000 quintaux (semence et consommation).<\/p>\n<p>Auteur: elmoudjahid<br \/>\n<a href=\"http:\/\/www.elmoudjahid.com\/fr\/actualites\/135686\">Cliquez ici pour lire l&rsquo;article depuis sa source.<\/a><\/p>\n","protected":false},"excerpt":{"rendered":"<p>\u00a0Le ministre de l\u2019Agriculture, du D\u00e9veloppement rural et de la P\u00eache, Ch\u00e9rif Omari, a donn\u00e9 hier instruction pour prendre toutes les mesures n\u00e9cessaires, \u00e0 l\u2019effet de mettre \u00e0 la disposition des agriculteurs, tous les moyens n\u00e9cessaires au bon d\u00e9roulement de la campagne c\u00e9r\u00e9ali\u00e8re 2018\/2019, et ce lors d\u2019une r\u00e9union du Comit\u00e9 national de pr\u00e9paration, du [&hellip;]<\/p>\n","protected":false},"author":1744,"featured_media":0,"comment_status":"closed","ping_status":"closed","sticky":false,"template":"","format":"standard","meta":{"fifu_image_url":"","fifu_image_alt":"","footnotes":""},"categories":[73,53],"tags":[],"class_list":["post-27046","post","type-post","status-publish","format-standard","hentry","category-actualite","category-algerie"],"_links":{"self":[{"href":"https:\/\/linitiative.ca\/International\/wp-json\/wp\/v2\/posts\/27046","targetHints":{"allow":["GET"]}}],"collection":[{"href":"https:\/\/linitiative.ca\/International\/wp-json\/wp\/v2\/posts"}],"about":[{"href":"https:\/\/linitiative.ca\/International\/wp-json\/wp\/v2\/types\/post"}],"author":[{"embeddable":true,"href":"https:\/\/linitiative.ca\/International\/wp-json\/wp\/v2\/users\/1744"}],"replies":[{"embeddable":true,"href":"https:\/\/linitiative.ca\/International\/wp-json\/wp\/v2\/comments?post=27046"}],"version-history":[{"count":0,"href":"https:\/\/linitiative.ca\/International\/wp-json\/wp\/v2\/posts\/27046\/revisions"}],"wp:attachment":[{"href":"https:\/\/linitiative.ca\/International\/wp-json\/wp\/v2\/media?parent=27046"}],"wp:term":[{"taxonomy":"category","embeddable":true,"href":"https:\/\/linitiative.ca\/International\/wp-json\/wp\/v2\/categories?post=27046"},{"taxonomy":"post_tag","embeddable":true,"href":"https:\/\/linitiative.ca\/International\/wp-json\/wp\/v2\/tags?post=27046"}],"curies":[{"name":"wp","href":"https:\/\/api.w.org\/{rel}","templated":true}]}}