{"id":27047,"date":"2019-04-09T19:00:00","date_gmt":"2019-04-09T23:00:00","guid":{"rendered":"https:\/\/linitiative.ca\/International\/m-bedoui-recoit-le-chef-de-la-diplomatie-de-la-sierra-leone-renforcement-de-la-cooperation\/"},"modified":"2019-04-09T19:00:00","modified_gmt":"2019-04-09T23:00:00","slug":"m-bedoui-recoit-le-chef-de-la-diplomatie-de-la-sierra-leone-renforcement-de-la-cooperation","status":"publish","type":"post","link":"https:\/\/linitiative.ca\/International\/m-bedoui-recoit-le-chef-de-la-diplomatie-de-la-sierra-leone-renforcement-de-la-cooperation\/","title":{"rendered":"M. Bedoui re\u00e7oit le chef de la diplomatie de la Sierra Leone     : Renforcement de la coop\u00e9ration"},"content":{"rendered":"<p><strong>Le Premier ministre, Noureddine Bedoui, a re\u00e7u, hier \u00e0 Alger, le ministre des Affaires \u00e9trang\u00e8res\u00a0 et de la Coop\u00e9ration internationale de la R\u00e9publique de la Sierra Leone, Alie Kabba,\u00a0 qui effectue une visite officielle, \u00e0 l&rsquo;invitation de son homologue, Sabri Boukadoum.\u00a0<\/strong><\/p>\n<p>Lors de cette rencontre, les deux responsables ont proc\u00e9d\u00e9 \u00e0 \u00ab\u00a0une\u00a0\u00a0 \u00e9valuation des relations bilat\u00e9rales dans diff\u00e9rents domaines, notamment\u00a0\u00a0 au plan de la coop\u00e9ration\u00a0\u00bb. L&rsquo;audience, qui a, par ailleurs, permis d&rsquo;aborder les questions r\u00e9gionales\u00a0\u00a0 et internationales d&rsquo;int\u00e9r\u00eat commun, s&rsquo;est d\u00e9roul\u00e9e en pr\u00e9sence de M. Boukadoum. Le ministre des Affaires \u00e9trang\u00e8res de la Sierra Leone est arriv\u00e9 lundi \u00e0 Alger pour une visite officielle de deux jours, s&rsquo;inscrivant\u00a0 dans le cadre\u00a0\u00a0 des relations d&rsquo;amiti\u00e9 qui lient les deux pays. Lors de ses entretiens lundi avec son homologue alg\u00e9rien, le chef de la diplomatie de la Sierra Leone s\u2019est \u00ab\u00a0f\u00e9licit\u00e9\u00a0\u00bb de cette visite, affirmant qu&rsquo;elle constitue une \u00ab\u00a0opportunit\u00e9 aux deux pays pour renforcer davantage leur coop\u00e9ration bilat\u00e9rale et se concerter sur les questions r\u00e9gionales et internationales d&rsquo;int\u00e9r\u00eat commun.<\/p>\n<p><strong>M. Arkab s\u2019entretient\u00a0 avec M. Alie Kabba\u00a0\u00a0\u00a0<\/strong><\/p>\n<p>Dans une d\u00e9claration \u00e0 la presse \u00e0 l&rsquo;issue d&rsquo;une audience accord\u00e9e au ministre des Affaires \u00e9trang\u00e8res de la Sierra Leone, Alie Kabba, M. Mohamed Arkab, ministre de l\u2019Energie, a indiqu\u00e9 que l&rsquo;objectif de ce genre d&rsquo;entretiens est de parvenir au \u00ab\u00a0transfert de l&rsquo;exp\u00e9rience de l&rsquo;Alg\u00e9rie dans le domaine \u00e9nerg\u00e9tique vers tous les pays africains\u00a0\u00bb.\u00a0 Concernant ses discussions avec le ministre sierra-l\u00e9onais, M. Arkab a fait savoir qu&rsquo;elles ont port\u00e9 sur \u00ab\u00a0les perspectives de la coop\u00e9ration \u00e0 ouvrir entre les deux pays, notamment dans le domaine \u00e9nerg\u00e9tique\u00a0\u00bb, soulignant l&rsquo;int\u00e9r\u00eat accord\u00e9 par la Sierra Leone au niveau de l&rsquo;efficacit\u00e9 \u00e9nerg\u00e9tique atteint par l&rsquo;Alg\u00e9rie et \u00e0 la production nationale d&rsquo;\u00e9lectricit\u00e9 d\u00e9passant les 20 m\u00e9gawatts. Il a ajout\u00e9 que le ministre sierra-l\u00e9onais a fait \u00e9tat de \u00ab\u00a0l&rsquo;int\u00e9r\u00eat de son pays pour le r\u00e9seau national de production et de transport d&rsquo;\u00e9lectricit\u00e9 et pour les entreprises alg\u00e9riennes ayant r\u00e9alis\u00e9 ces acquis\u00a0\u00bb, ajoutant que l&rsquo;entretien a port\u00e9 sur \u00ab\u00a0la coop\u00e9ration dans ces domaines, l&rsquo;\u00e9tude du r\u00e9seau \u00e9lectrique en Sierra Leone, la production de l&rsquo;\u00e9nergie par des groupes \u00e9lectrog\u00e8nes et la r\u00e9alisation de projets de production et de distribution de l&rsquo;\u00e9lectricit\u00e9 dans ce pays\u00a0\u00bb. M. Arkab, qui a pr\u00e9cis\u00e9 avoir expliqu\u00e9 \u00e0 son interlocuteur que \u00ab\u00a0la majorit\u00e9\u00a0\u00a0 des \u00e9quipements et appareils \u00e9lectriques \u00e9taient de fabrication locale et que les \u00e9tudes \u00e9taient r\u00e9alis\u00e9es en Alg\u00e9rie par des Alg\u00e9riens\u00a0\u00bb, a soulign\u00e9 la disposition de la partie alg\u00e9rienne \u00e0 \u00ab\u00a0proc\u00e9der au transfert de toute\u00a0\u00a0 l&rsquo;exp\u00e9rience des Alg\u00e9riens aux fr\u00e8res sierra-l\u00e9onais pour r\u00e9aliser,\u00a0\u00a0 ensemble, des projets communs, en Sierra Leone, notamment dans le domaine des postes de transport et de distribution d&rsquo;\u00e9lectricit\u00e9\u00a0\u00bb.\u00a0 Rappelant que le taux de couverture en \u00e9lectricit\u00e9 en Sierra Leone ne d\u00e9passe pas les 22%, M. Arkab a assur\u00e9 : \u00ab\u00a0Nous sommes pr\u00eats, avec toute l&rsquo;exp\u00e9rience et les capacit\u00e9s dont disposent les entreprises alg\u00e9riennes publiques et priv\u00e9es, \u00e0 proc\u00e9der \u00e0 un transfert pour la r\u00e9alisation de projets communs\u00a0\u00bb.\u00a0 Ajoutant que l&rsquo;entretien a permis \u00e9galement d&rsquo;\u00e9voquer le secteur des hydrocarbures et les voies de coop\u00e9ration bilat\u00e9rale et de faire le point des besoins de la Sierra Leone en la mati\u00e8re, M.\u2008Arkab a d\u00e9clar\u00e9 qu&rsquo; \u00ab\u00a0il a \u00e9t\u00e9 convenu de programmer une visite du ministre de l&rsquo;Energie de la\u00a0\u00a0 Sierra Leone afin d&rsquo;aborder en d\u00e9tails les projets communs et la\u00a0\u00a0 coop\u00e9ration dans ce domaine\u00a0\u00bb.\u00a0 De son c\u00f4t\u00e9, le ministre sierra-l\u00e9onais s&rsquo;est dit \u00ab\u00a0impressionn\u00e9 par les\u00a0\u00a0 capacit\u00e9s alg\u00e9riennes dans le domaine des \u00e9nergies, notamment dans la production, le transport et la distribution de l&rsquo;\u00e9lectricit\u00e9\u00a0\u00bb, soulignant \u00ab\u00a0la volont\u00e9 de son pays de tirer profit de cette exp\u00e9rience \u00e0 travers la r\u00e9alisation de projets communs en Sierra Leone\u00a0\u00bb. Par ailleurs, il s&rsquo;est f\u00e9licit\u00e9 du niveau des relations alg\u00e9ro-sierra-l\u00e9onaises, formant le v\u0153u de \u00ab\u00a0les voir se d\u00e9velopper pour englober de nombreux domaines \u00e9conomiques, notamment \u00e9nerg\u00e9tique\u00a0\u00bb.\u00a0\u00a0<br \/>\u00a0<\/p>\n<p>Auteur: elmoudjahid<br \/>\n<a href=\"http:\/\/www.elmoudjahid.com\/fr\/actualites\/135687\">Cliquez ici pour lire l&rsquo;article depuis sa source.<\/a><\/p>\n","protected":false},"excerpt":{"rendered":"<p>Le Premier ministre, Noureddine Bedoui, a re\u00e7u, hier \u00e0 Alger, le ministre des Affaires \u00e9trang\u00e8res\u00a0 et de la Coop\u00e9ration internationale de la R\u00e9publique de la Sierra Leone, Alie Kabba,\u00a0 qui effectue une visite officielle, \u00e0 l&rsquo;invitation de son homologue, Sabri Boukadoum.\u00a0 Lors de cette rencontre, les deux responsables ont proc\u00e9d\u00e9 \u00e0 \u00ab\u00a0une\u00a0\u00a0 \u00e9valuation des relations [&hellip;]<\/p>\n","protected":false},"author":1744,"featured_media":0,"comment_status":"closed","ping_status":"closed","sticky":false,"template":"","format":"standard","meta":{"fifu_image_url":"","fifu_image_alt":"","footnotes":""},"categories":[73,53],"tags":[],"class_list":["post-27047","post","type-post","status-publish","format-standard","hentry","category-actualite","category-algerie"],"_links":{"self":[{"href":"https:\/\/linitiative.ca\/International\/wp-json\/wp\/v2\/posts\/27047","targetHints":{"allow":["GET"]}}],"collection":[{"href":"https:\/\/linitiative.ca\/International\/wp-json\/wp\/v2\/posts"}],"about":[{"href":"https:\/\/linitiative.ca\/International\/wp-json\/wp\/v2\/types\/post"}],"author":[{"embeddable":true,"href":"https:\/\/linitiative.ca\/International\/wp-json\/wp\/v2\/users\/1744"}],"replies":[{"embeddable":true,"href":"https:\/\/linitiative.ca\/International\/wp-json\/wp\/v2\/comments?post=27047"}],"version-history":[{"count":0,"href":"https:\/\/linitiative.ca\/International\/wp-json\/wp\/v2\/posts\/27047\/revisions"}],"wp:attachment":[{"href":"https:\/\/linitiative.ca\/International\/wp-json\/wp\/v2\/media?parent=27047"}],"wp:term":[{"taxonomy":"category","embeddable":true,"href":"https:\/\/linitiative.ca\/International\/wp-json\/wp\/v2\/categories?post=27047"},{"taxonomy":"post_tag","embeddable":true,"href":"https:\/\/linitiative.ca\/International\/wp-json\/wp\/v2\/tags?post=27047"}],"curies":[{"name":"wp","href":"https:\/\/api.w.org\/{rel}","templated":true}]}}