{"id":27050,"date":"2019-04-09T19:00:00","date_gmt":"2019-04-09T23:00:00","guid":{"rendered":"https:\/\/linitiative.ca\/International\/dans-une-allocution-du-chef-de-letat-abdelkader-bensalah-de-nouveaux-horizons-democratiques\/"},"modified":"2019-04-09T19:00:00","modified_gmt":"2019-04-09T23:00:00","slug":"dans-une-allocution-du-chef-de-letat-abdelkader-bensalah-de-nouveaux-horizons-democratiques","status":"publish","type":"post","link":"https:\/\/linitiative.ca\/International\/dans-une-allocution-du-chef-de-letat-abdelkader-bensalah-de-nouveaux-horizons-democratiques\/","title":{"rendered":"Dans une allocution du chef de l&rsquo;\u00e9tat Abdelkader Bensalah :  \u00abde nouveaux horizons d\u00e9mocratiques\u00bb"},"content":{"rendered":"<p><strong>Le chef de l&rsquo;Etat, Abdelkader Bensalah, nomm\u00e9 hier par le Parlement, conform\u00e9ment \u00e0 l&rsquo;article 102 de la Constitution, a prononc\u00e9 une allocution, dont voici le texte int\u00e9gral :<\/strong><\/p>\n<p>\u00ab Mes Chers compatriotes,<br \/>Le Conseil constitutionnel s\u2019est r\u00e9uni de plein droit, le mercredi 03 avril 2019, et a constat\u00e9, \u00e0 l\u2019unanimit\u00e9, la vacance d\u00e9finitive de la Pr\u00e9sidence de la R\u00e9publique. Il a communiqu\u00e9 l\u2019acte de d\u00e9claration de la vacance d\u00e9finitive au Parlement qui s\u2019est r\u00e9uni de plein droit, ce jour, mardi 09 avril 2019. Conform\u00e9ment aux dispositions de l\u2019article 102 de la Constitution, le Pr\u00e9sident du Conseil de la Nation assure la charge de chef de l\u2019Etat pour une dur\u00e9e de quatre-vingt-dix (90) jours au maximum, au cours de laquelle des \u00e9lections pr\u00e9sidentielles seront organis\u00e9es. C\u2019est l\u00e0 l\u2019engagement que je prends devant vous aujourd\u2019hui. Dans ce contexte, et en tant que chef de l\u2019Etat, je m\u2019adresse aujourd\u2019hui \u00e0 l\u2019ensemble des Alg\u00e9riennes et des Alg\u00e9riens o\u00f9 qu\u2019ils se trouvent, sur notre territoire ou \u00e0 l\u2019\u00e9tranger, pour leur affirmer qu\u2019il s\u2019agit l\u00e0 d\u2019une mission constitutionnelle qui ne peut \u00eatre que ponctuelle, que je me dois d\u2019assumer en conformit\u00e9 avec ce que me dicte mon devoir constitutionnel, avec abn\u00e9gation, honn\u00eatet\u00e9 et d\u00e9termination, dans l\u2019int\u00e9r\u00eat de notre vaillant peuple pour la contribution \u00e0 la concr\u00e9tisation de ses aspirations l\u00e9gitimes et entendues. Au cours des derni\u00e8res semaines, notre peuple a fait montre de son unit\u00e9, de sa coh\u00e9sion et donn\u00e9 la meilleure image de son patriotisme. Elles ont ouvert, pour notre pays, un horizon d\u00e9mocratique nouveau et insuffl\u00e9 \u00e0 notre projet national, qui tire son ancrage des valeurs \u00e9nonc\u00e9es dans la Proclamation de la glorieuse R\u00e9volution de Novembre, un souffle de renouveau dont nous devons pr\u00e9server les acquis et les valoriser. Au cours des derni\u00e8res semaines, notre peuple a admirablement exprim\u00e9 ses aspirations au changement, aux r\u00e9formes et \u00e0 la participation effective dans la prise des d\u00e9cisions aff\u00e9rentes \u00e0 son avenir. Dans la lanc\u00e9e de cet \u00e9lan historique, et par devoir patriotique, je tiens \u00e0 adresser mes salutations \u00e0 l\u2019ensemble des cat\u00e9gories sociales qui ont particip\u00e9 de mani\u00e8re pacifique, digne et responsable, aux marches successives qui ont anim\u00e9 la sc\u00e8ne politique, depuis le 22 f\u00e9vrier pass\u00e9. Cet hommage s\u2019adresse aussi \u00e0 l\u2019ensemble de notre peuple et de fa\u00e7on particuli\u00e8re \u00e0 sa jeunesse, masculine et f\u00e9minine, qui a impressionn\u00e9 le monde et lui a montr\u00e9 le visage r\u00e9el et prometteur de l\u2019Alg\u00e9rie, un visage plein d\u2019assurance, porteur d\u2019espoir et tendant vers le meilleur.<\/p>\n<p>Durant les semaines pr\u00e9c\u00e9dentes, vous avez \u00e9t\u00e9, tout autant que moi, t\u00e9moins des efforts que n\u2019ont cess\u00e9 de d\u00e9ployer toutes nos institutions publiques pour assurer normalement la continuit\u00e9 de leurs missions dans le calme, la s\u00e9r\u00e9nit\u00e9, le d\u00e9vouement et une gestion judicieuse et avis\u00e9e de la crise politique actuelle, de mani\u00e8re \u00e0 servir les int\u00e9r\u00eats supr\u00eames imm\u00e9diats et futurs du pays. Au nom de tous mes concitoyens, je remercie particuli\u00e8rement l\u2019ensemble des forces de s\u00e9curit\u00e9 pour leur professionnalisme et leur engagement face aux \u00e9preuves souvent difficiles. Je rends \u00e9galement hommage aux forces de notre Arm\u00e9e nationale populaire qui n\u2019ont jamais failli \u00e0 l\u2019accomplissement, combien fondamental, de leur mission constitutionnelle et \u00e0 la sagesse de son Commandement qui a opt\u00e9 pour le respect de la Constitution en tant qu\u2019unique r\u00e9f\u00e9rence afin de permettre \u00e0 notre peuple de r\u00e9aliser ses aspirations et surmonter la crise actuelle.<br \/>\u00a0 Notre vaillant peuple, alors qu\u2019il traverse aujourd\u2019hui un tournant d\u00e9cisif de son histoire, n\u2019oubliera jamais les femmes et les hommes qui ont sacrifi\u00e9 leurs vies pour le recouvrement et la pr\u00e9servation de son ind\u00e9pendance, ni celles et ceux qui se sont battus pour son unit\u00e9, son identit\u00e9 et son d\u00e9veloppement. Les valeurs de gratitude qui animent les enfants de notre peuple nous commandent d\u2019exprimer nos vifs remerciements et notre reconnaissance \u00e0 ceux qui ont eu le m\u00e9rite d\u2019avoir d\u00e9ploy\u00e9 toutes leurs \u00e9nergies pour permettre aux Alg\u00e9riens de se r\u00e9concilier entre eux, de vivre ensemble en paix et d\u2019avoir contribu\u00e9 \u00e0 b\u00e2tir un pays moderne, fort et respect\u00e9 dans le concert des nations.<\/p>\n<p>Le tournant que va traverser notre pays d\u00e9butera par une phase d\u00e9cisive, qui consistera \u00e0 remettre, constitutionnellement, les pouvoirs au Pr\u00e9sident de la R\u00e9publique d\u00e9mocratiquement \u00e9lu, dans un d\u00e9lai qui ne saurait d\u00e9passer les quatre-vingt-dix jours \u00e0 compter de la date de mon entr\u00e9e en fonction en tant que Chef de l\u2019Etat. Il est clair que le Chef de l\u2019Etat d\u00e9sign\u00e9 ne peut \u00eatre candidat \u00e0 la pr\u00e9sidence de la R\u00e9publique. A partir de l\u00e0, j\u2019affirme devant vous, avec insistance, que mon unique ambition est et demeurera d\u2019accomplir rigoureusement la mission qui m\u2019est assign\u00e9e. De plus, dans le contexte politique actuel, l\u2019accomplissement de cette mission devra prendre en charge la mise en application des dispositions des articles 7 et 8 de la Constitution, ce \u00e0 quoi nous sommes tenus de concourir, citoyens, classe politique et institutions de l\u2019Etat, afin de r\u00e9unir les conditions, toutes les conditions, d\u2019un scrutin pr\u00e9sidentiel transparent et r\u00e9gulier, dont nous serons tous les garants, un scrutin qui permettra \u00e0 notre peuple d\u2019exercer son choix libre et souverain. C\u2019est en concertation avec la classe politique et civile citoyenne que je me propose, en priorit\u00e9 et en urgence, de cr\u00e9er une institution nationale coll\u00e9giale, souveraine dans ses d\u00e9cisions, \u00e0 laquelle sera d\u00e9volue la mission de r\u00e9unir les conditions n\u00e9cessaires de pr\u00e9paration et d\u2019organisation d\u2019\u00e9lections nationales honn\u00eates et transparentes.<\/p>\n<p>Le gouvernement et les services administratifs concern\u00e9s seront charg\u00e9s de la soutenir et de l\u2019accompagner dans l\u2019accomplissement de ses missions en toute libert\u00e9. C\u2019est une main sinc\u00e8re et loyale que je tends \u00e0 tout un chacun pour surmonter les divergences et nous investir dans une action collective historique \u00e0 la hauteur des d\u00e9fis de l\u2019\u00e9tape, reposant sur les valeurs de solidarit\u00e9, de coh\u00e9sion et d\u2019abn\u00e9gation, dans le but d\u2019atteindre l\u2019objectif supr\u00eame, c\u2019est-\u00e0-dire poser les fondements de l\u2019Alg\u00e9rie du futur. Je veillerai, certes, \u00e0 ce que le cadre juridique y aff\u00e9rent soit \u00e9labor\u00e9 et mis en forme dans le meilleur d\u00e9lai, mais je demanderai \u00e0 notre classe politique et citoyenne de faire preuve d\u2019innovation, de participation et de confiance pour construire ensemble ce nouvel \u00e9difice juridique qui ouvrira la voie \u00e0 la mise en place d\u2019un tout nouveau syst\u00e8me politique r\u00e9pondant aux aspirations de notre peuple.<br \/>L\u2019exercice par le peuple de ses choix, de mani\u00e8re libre et souveraine, permettra l\u2019investiture, dans le d\u00e9lai constitutionnel, d\u2019un nouveau Pr\u00e9sident de la R\u00e9publique. Ce choix sera d\u2019autant plus libre que les conditions de son exercice seront des conditions de calme, de s\u00e9r\u00e9nit\u00e9 et de confiance entre nous. L\u2019important, pour notre peuple, est de choisir la personne et le programme qui r\u00e9pondent le mieux \u00e0 ses aspirations \u00e0 un nouveau syst\u00e8me politique en mesure de relever les d\u00e9fis majeurs du pays dans une Alg\u00e9rie arrim\u00e9e \u00e0 la modernit\u00e9, \u00e0 la d\u00e9mocratie, \u00e0 la justice et au d\u00e9veloppement. Mon espoir est l\u2019investiture prochaine d\u2019un Pr\u00e9sident de la R\u00e9publique qui, avec son programme, inaugurera la premi\u00e8re \u00e9tape de la construction de l\u2019Alg\u00e9rie nouvelle.<br \/>Mon espoir \u00e9galement est de voir tous nos citoyens contribuer, avec ardeur et abn\u00e9gation, \u00e0 cette \u00e9dification. Je suis convaincu que l\u2019ensemble des institutions du pays s\u2019engageront pleinement dans le lancement de cet important projet national en l\u2019accompagnant et en y apportant leur concours, au service de notre pays et de notre peuple et dans la pleine fid\u00e9lit\u00e9 aux valeureux martyrs de la Nation. Si je m\u2019adresse \u00e0 vous aujourd\u2019hui, sans appr\u00e9hension aucune, eu \u00e9gard au degr\u00e9 de conscience dont ont fait preuve les diff\u00e9rentes couches de notre soci\u00e9t\u00e9, c\u2019est parce que je suis convaincu que tous les citoyens, jaloux de la grandeur de leur pays et soucieux de son avenir, n\u2019h\u00e9siteront aucunement \u00e0 nous aider \u00e0 d\u00e9passer cette premi\u00e8re \u00e9tape sans retard et en toute responsabilit\u00e9.<br \/>\u00a0J\u2019attends de tout un chacun, une mobilisation plus grande que celle dont ils ont fait montre jusqu\u2019\u00e0 pr\u00e9sent, pour faire face aux d\u00e9fis multiples et urgents que notre pays doit in\u00e9luctablement affronter, notamment ceux li\u00e9s \u00e0 notre s\u00e9curit\u00e9 nationale et r\u00e9gionale, ainsi que l\u2019enjeu des profondes r\u00e9formes \u00e9conomiques, financi\u00e8res et institutionnelles, et celui de notre d\u00e9veloppement social et humain durable. Que Dieu nous pr\u00eate assistance pour offrir le meilleur \u00e0 notre pays. Gloire \u00e0 nos martyrs, Vive l&rsquo;Alg\u00e9rie. \u00bb<br \/>\u00a0<\/p>\n<p>Auteur: elmoudjahid<br \/>\n<a href=\"http:\/\/www.elmoudjahid.com\/fr\/actualites\/135690\">Cliquez ici pour lire l&rsquo;article depuis sa source.<\/a><\/p>\n","protected":false},"excerpt":{"rendered":"<p>Le chef de l&rsquo;Etat, Abdelkader Bensalah, nomm\u00e9 hier par le Parlement, conform\u00e9ment \u00e0 l&rsquo;article 102 de la Constitution, a prononc\u00e9 une allocution, dont voici le texte int\u00e9gral : \u00ab Mes Chers compatriotes,Le Conseil constitutionnel s\u2019est r\u00e9uni de plein droit, le mercredi 03 avril 2019, et a constat\u00e9, \u00e0 l\u2019unanimit\u00e9, la vacance d\u00e9finitive de la Pr\u00e9sidence [&hellip;]<\/p>\n","protected":false},"author":1744,"featured_media":0,"comment_status":"closed","ping_status":"closed","sticky":false,"template":"","format":"standard","meta":{"fifu_image_url":"","fifu_image_alt":"","footnotes":""},"categories":[73,53],"tags":[],"class_list":["post-27050","post","type-post","status-publish","format-standard","hentry","category-actualite","category-algerie"],"_links":{"self":[{"href":"https:\/\/linitiative.ca\/International\/wp-json\/wp\/v2\/posts\/27050","targetHints":{"allow":["GET"]}}],"collection":[{"href":"https:\/\/linitiative.ca\/International\/wp-json\/wp\/v2\/posts"}],"about":[{"href":"https:\/\/linitiative.ca\/International\/wp-json\/wp\/v2\/types\/post"}],"author":[{"embeddable":true,"href":"https:\/\/linitiative.ca\/International\/wp-json\/wp\/v2\/users\/1744"}],"replies":[{"embeddable":true,"href":"https:\/\/linitiative.ca\/International\/wp-json\/wp\/v2\/comments?post=27050"}],"version-history":[{"count":0,"href":"https:\/\/linitiative.ca\/International\/wp-json\/wp\/v2\/posts\/27050\/revisions"}],"wp:attachment":[{"href":"https:\/\/linitiative.ca\/International\/wp-json\/wp\/v2\/media?parent=27050"}],"wp:term":[{"taxonomy":"category","embeddable":true,"href":"https:\/\/linitiative.ca\/International\/wp-json\/wp\/v2\/categories?post=27050"},{"taxonomy":"post_tag","embeddable":true,"href":"https:\/\/linitiative.ca\/International\/wp-json\/wp\/v2\/tags?post=27050"}],"curies":[{"name":"wp","href":"https:\/\/api.w.org\/{rel}","templated":true}]}}