{"id":27051,"date":"2019-04-10T13:30:00","date_gmt":"2019-04-10T17:30:00","guid":{"rendered":"https:\/\/linitiative.ca\/International\/presidentielle-le-chef-de-letat-convoque-le-corps-electoral-pour-le-4-juillet-2019\/"},"modified":"2019-04-10T13:30:00","modified_gmt":"2019-04-10T17:30:00","slug":"presidentielle-le-chef-de-letat-convoque-le-corps-electoral-pour-le-4-juillet-2019","status":"publish","type":"post","link":"https:\/\/linitiative.ca\/International\/presidentielle-le-chef-de-letat-convoque-le-corps-electoral-pour-le-4-juillet-2019\/","title":{"rendered":"Pr\u00e9sidentielle: le chef de l&rsquo;Etat convoque le corps \u00e9lectoral pour le 4 juillet 2019"},"content":{"rendered":"<p>Le chef de l&rsquo;Etat, Abdelkader Bensalah a sign\u00e9 mardi le d\u00e9cret pr\u00e9sidentiel convoquant le corps \u00e9lectoral pour l&rsquo;\u00e9lection pr\u00e9sidentielle fix\u00e9e au 04 juillet 2019, indique mercredi un communiqu\u00e9 de la pr\u00e9sidence de la R\u00e9publique.<\/p>\n<p>\u00ab\u00a0Monsieur Abdelkader Bensalah, chef de l&rsquo;Etat, a proc\u00e9d\u00e9 le mardi 09 avril 2019, jour de sa prise de fonction, \u00e0 la signature du d\u00e9cret pr\u00e9sidentiel portant convocation du corps \u00e9lectoral \u00e0 l&rsquo;\u00e9lection pr\u00e9sidentielle fix\u00e9e au jeudi 04 juillet 2019\u00a0\u00bb, pr\u00e9cise le communiqu\u00e9.<\/p>\n<p>Auteur: elmoudjahid<br \/>\n<a href=\"http:\/\/www.elmoudjahid.com\/fr\/actualites\/135691\">Cliquez ici pour lire l&rsquo;article depuis sa source.<\/a><\/p>\n","protected":false},"excerpt":{"rendered":"<p>Le chef de l&rsquo;Etat, Abdelkader Bensalah a sign\u00e9 mardi le d\u00e9cret pr\u00e9sidentiel convoquant le corps \u00e9lectoral pour l&rsquo;\u00e9lection pr\u00e9sidentielle fix\u00e9e au 04 juillet 2019, indique mercredi un communiqu\u00e9 de la pr\u00e9sidence de la R\u00e9publique. \u00ab\u00a0Monsieur Abdelkader Bensalah, chef de l&rsquo;Etat, a proc\u00e9d\u00e9 le mardi 09 avril 2019, jour de sa prise de fonction, \u00e0 la [&hellip;]<\/p>\n","protected":false},"author":1744,"featured_media":0,"comment_status":"closed","ping_status":"closed","sticky":false,"template":"","format":"standard","meta":{"fifu_image_url":"","fifu_image_alt":"","footnotes":""},"categories":[73,53],"tags":[],"class_list":["post-27051","post","type-post","status-publish","format-standard","hentry","category-actualite","category-algerie"],"_links":{"self":[{"href":"https:\/\/linitiative.ca\/International\/wp-json\/wp\/v2\/posts\/27051","targetHints":{"allow":["GET"]}}],"collection":[{"href":"https:\/\/linitiative.ca\/International\/wp-json\/wp\/v2\/posts"}],"about":[{"href":"https:\/\/linitiative.ca\/International\/wp-json\/wp\/v2\/types\/post"}],"author":[{"embeddable":true,"href":"https:\/\/linitiative.ca\/International\/wp-json\/wp\/v2\/users\/1744"}],"replies":[{"embeddable":true,"href":"https:\/\/linitiative.ca\/International\/wp-json\/wp\/v2\/comments?post=27051"}],"version-history":[{"count":0,"href":"https:\/\/linitiative.ca\/International\/wp-json\/wp\/v2\/posts\/27051\/revisions"}],"wp:attachment":[{"href":"https:\/\/linitiative.ca\/International\/wp-json\/wp\/v2\/media?parent=27051"}],"wp:term":[{"taxonomy":"category","embeddable":true,"href":"https:\/\/linitiative.ca\/International\/wp-json\/wp\/v2\/categories?post=27051"},{"taxonomy":"post_tag","embeddable":true,"href":"https:\/\/linitiative.ca\/International\/wp-json\/wp\/v2\/tags?post=27051"}],"curies":[{"name":"wp","href":"https:\/\/api.w.org\/{rel}","templated":true}]}}