{"id":27056,"date":"2019-04-10T08:24:03","date_gmt":"2019-04-10T12:24:03","guid":{"rendered":"https:\/\/linitiative.ca\/International\/87896-judo-les-dates-des-differents-championnats-nationaux-arretees-federation\/"},"modified":"2019-04-10T08:24:03","modified_gmt":"2019-04-10T12:24:03","slug":"87896-judo-les-dates-des-differents-championnats-nationaux-arretees-federation","status":"publish","type":"post","link":"https:\/\/linitiative.ca\/International\/87896-judo-les-dates-des-differents-championnats-nationaux-arretees-federation\/","title":{"rendered":"Judo : les dates des diff\u00e9rents championnats nationaux arr\u00eat\u00e9es"},"content":{"rendered":"<div>\n<div class=\"K2FeedImage\"><img decoding=\"async\" src=\"http:\/\/www.aps.dz\/media\/k2\/items\/cache\/01b04500e761d35bff40e5275301be63_S.jpg\" alt=\"Judo : les dates des diff\u00e9rents championnats nationaux arr\u00eat\u00e9es\"><\/div>\n<div class=\"K2FeedIntroText\">\n<p>ALGER- Les dates des diff\u00e9rents championnats nationaux de judo ont \u00e9t\u00e9 arr\u00eat\u00e9es mercredi par la F\u00e9d\u00e9ration alg\u00e9rienne de la discipline (FAJ), \u00e0 commencer par les Championnats \u00ab\u00a0par \u00e9quipes\u00a0\u00bb des Divisions 1 et 2, initialement pr\u00e9vus du 1er au 2 mars 2019 et qui auront lieu finalement les 14-15 juin.<\/p>\n<\/div>\n<div class=\"K2FeedFullText\">\n<blockquote>\n<p><em><strong>\u00ab\u00a0Le championnat national \u00ab\u00a0par \u00e9quipes\u00a0\u00bb de 2e Division concerne uniquement la cat\u00e9gorie seniors (Messieurs) et il sera le premier \u00e0 se d\u00e9rouler, le 14 juin\u00a0\u00bb a d\u00e9taill\u00e9 la FAJ dans un communiqu\u00e9, ajoutant que \u00ab\u00a0Le championnat national \u00ab\u00a0par \u00e9quipes\u00a0\u00bb de 1re Division se d\u00e9roulera le lendemain, 15 juin\u00a0\u00bb et concernera les seniors, messieurs et dames.<\/strong><\/em><\/p>\n<\/blockquote>\n<p>Dans la foul\u00e9e, les 21-22 juin, aura lieu le championnat national \u00ab\u00a0par \u00e9quipes\u00a0\u00bb de la cat\u00e9gorie minimes (Gar\u00e7ons et filles), et il sera suivi du \u00ab\u00a0par \u00e9quipes\u00a0\u00bb cadets (Gar\u00e7ons et filles), pr\u00e9vu le 28 juin, puis le \u00ab\u00a0par \u00e9quipes\u00a0\u00bb de la cat\u00e9gorie espoirs (Messieurs et Dames), qui lui est programm\u00e9 pour le 29 juin.<\/p>\n<blockquote>\n<p><em><strong>Le mois suivant sera consacr\u00e9 aux \u00e9preuves \u00ab\u00a0par \u00e9quipes\u00a0\u00bb de la Coupe d&rsquo;Alg\u00e9rie 2019, \u00e0 commencer par la cat\u00e9gorie des minimes (Gar\u00e7ons et filles), qui feront leur entr\u00e9e en lice dans cette comp\u00e9tition le 3 juillet.<\/strong><\/em><\/p>\n<\/blockquote>\n<p>Le lendemain, 4 juillet, ce sera au tour des juniors (Messieurs et Dames), puis les cadets (Gar\u00e7ons et filles), qui concourront le 5 juillet, et enfin les seniors (Messieurs et Dames), qui cl\u00f4tureront les \u00e9preuves le 6 juillet.<\/p>\n<p>Sur le plan international, la premi\u00e8re grosse comp\u00e9tition inscrite au programme du judo alg\u00e9rien est le Championnat d&rsquo;Afrique 2019 de la cat\u00e9gorie seniors, pr\u00e9vu du 25 au 28 avril courant au Cap (Afrique du Sud).<\/p>\n<p>\u00a0<\/p>\n<\/div>\n<p><img loading=\"lazy\" decoding=\"async\" src=\"http:\/\/feeds.feedburner.com\/~r\/aps-sport\/~4\/jLRJYFfYzak\" height=\"1\" width=\"1\" alt=\"\"><\/div>\n<p>Auteur:<br \/>\n<a href=\"http:\/\/www.aps.dz\/sport\/87896-judo-les-dates-des-differents-championnats-nationaux-arretees-federation?utm_source=feedburner&#038;utm_medium=feed&#038;utm_campaign=Feed%3A+aps-sport+%28APS+-+SPORT%29\">Cliquez ici pour lire l&rsquo;article depuis sa source.<\/a><\/p>\n","protected":false},"excerpt":{"rendered":"<p>ALGER- Les dates des diff\u00e9rents championnats nationaux de judo ont \u00e9t\u00e9 arr\u00eat\u00e9es mercredi par la F\u00e9d\u00e9ration alg\u00e9rienne de la discipline (FAJ), \u00e0 commencer par les Championnats \u00ab\u00a0par \u00e9quipes\u00a0\u00bb des Divisions 1 et 2, initialement pr\u00e9vus du 1er au 2 mars 2019 et qui auront lieu finalement les 14-15 juin. \u00ab\u00a0Le championnat national \u00ab\u00a0par \u00e9quipes\u00a0\u00bb de [&hellip;]<\/p>\n","protected":false},"author":1790,"featured_media":27057,"comment_status":"closed","ping_status":"closed","sticky":false,"template":"","format":"standard","meta":{"fifu_image_url":"","fifu_image_alt":"","footnotes":""},"categories":[53,75],"tags":[],"class_list":["post-27056","post","type-post","status-publish","format-standard","has-post-thumbnail","hentry","category-algerie","category-sport"],"_links":{"self":[{"href":"https:\/\/linitiative.ca\/International\/wp-json\/wp\/v2\/posts\/27056","targetHints":{"allow":["GET"]}}],"collection":[{"href":"https:\/\/linitiative.ca\/International\/wp-json\/wp\/v2\/posts"}],"about":[{"href":"https:\/\/linitiative.ca\/International\/wp-json\/wp\/v2\/types\/post"}],"author":[{"embeddable":true,"href":"https:\/\/linitiative.ca\/International\/wp-json\/wp\/v2\/users\/1790"}],"replies":[{"embeddable":true,"href":"https:\/\/linitiative.ca\/International\/wp-json\/wp\/v2\/comments?post=27056"}],"version-history":[{"count":0,"href":"https:\/\/linitiative.ca\/International\/wp-json\/wp\/v2\/posts\/27056\/revisions"}],"wp:featuredmedia":[{"embeddable":true,"href":"https:\/\/linitiative.ca\/International\/wp-json\/"}],"wp:attachment":[{"href":"https:\/\/linitiative.ca\/International\/wp-json\/wp\/v2\/media?parent=27056"}],"wp:term":[{"taxonomy":"category","embeddable":true,"href":"https:\/\/linitiative.ca\/International\/wp-json\/wp\/v2\/categories?post=27056"},{"taxonomy":"post_tag","embeddable":true,"href":"https:\/\/linitiative.ca\/International\/wp-json\/wp\/v2\/tags?post=27056"}],"curies":[{"name":"wp","href":"https:\/\/api.w.org\/{rel}","templated":true}]}}