{"id":27065,"date":"2019-04-10T13:29:00","date_gmt":"2019-04-10T17:29:00","guid":{"rendered":"https:\/\/linitiative.ca\/International\/66-000-familles-necessiteuses-recensees-30-milliards-de-centimes-pour-le-ramadhan-a-oran\/"},"modified":"2019-04-10T13:29:00","modified_gmt":"2019-04-10T17:29:00","slug":"66-000-familles-necessiteuses-recensees-30-milliards-de-centimes-pour-le-ramadhan-a-oran","status":"publish","type":"post","link":"https:\/\/linitiative.ca\/International\/66-000-familles-necessiteuses-recensees-30-milliards-de-centimes-pour-le-ramadhan-a-oran\/","title":{"rendered":"66.000 FAMILLES NECESSITEUSES RECENSEES   : 30 milliards de centimes pour le Ramadhan \u00e0 Oran"},"content":{"rendered":"<p><br id=\"sep_para_1\" class=\"sep_para access\"\/><\/p>\n<div id=\"para_1\" class=\"para_30325107 resize\">\n<div class=\"texte access firstletter\">Au total 66.000 familles n\u00e9cessiteuses b\u00e9n\u00e9ficieront de ch\u00e8ques d&rsquo;une valeur de 6.000 dinars. Les aides en num\u00e9raires seront vers\u00e9es, selon le chef de l&rsquo;ex\u00e9cutif aux comptes CCP des b\u00e9n\u00e9ficiaires \u00e0 partir du 15 avril en cours. Cette d\u00e9cision avait \u00e9t\u00e9 prise en fait par le Conseil des ministres du mois de juin 2018 pour en finir avec les cha\u00eenes, garantir l&rsquo;arriv\u00e9e de l&rsquo;aide \u00e0 ses v\u00e9ritables b\u00e9n\u00e9ficiaires et pr\u00e9server la dignit\u00e9 des citoyens n\u00e9cessiteux. Cette aide sera vers\u00e9e aux n\u00e9cessiteux qui ont \u00e9t\u00e9 identifi\u00e9s par cat\u00e9gories. La premi\u00e8re cat\u00e9gorie qui vient en t\u00eate de la liste, est celle des familles sans revenus, suivies des familles dont le revenu est inf\u00e9rieur ou \u00e9gal au Smig (18.000 DA) et compos\u00e9es de 4 membres. La derni\u00e8re est destin\u00e9e aux familles dont le revenu est inf\u00e9rieur ou \u00e9gal \u00e0 24.000 DA, compos\u00e9e de 5 membres. Autre bonne nouvelle pour ce mois sacr\u00e9 est la r\u00e9vision \u00e0 la hausse du nombre des restaurants \u2018\u2019Rahma\u2019&rsquo; destin\u00e9s aux personnes en difficult\u00e9 qui devra passer \u00e0 15 au lieu de 11. De son c\u00f4t\u00e9, la direction des affaires religieuses et des wakfs contribue, avec plus de 10.000 colis alimentaires repr\u00e9sentant des dons de bienfaiteurs et de diff\u00e9rentes associations et entreprises publiques et priv\u00e9es. Par ailleurs, l&rsquo;on nous informe l&rsquo;ouverture de 15 restaurants \u2018\u2019Rahma\u2019\u2019 au lieu de 11 au niveau des communes de la wilaya d&rsquo;Oran, notamment au chef lieu d&rsquo;Oran, Ain El Turck, Arzew, Bethioua et Mers El Hadjadj.<\/div>\n<\/div>\n<p>Auteur: Medjadji Habib<br \/>\n<a href=\"https:\/\/www.reflexiondz.net\/66-000-FAMILLES-NECESSITEUSES-RECENSEES-30-milliards-de-centimes-pour-le-Ramadhan-a-Oran_a55329.html\">Cliquez ici pour lire l&rsquo;article depuis sa source.<\/a><\/p>\n","protected":false},"excerpt":{"rendered":"<p>Au total 66.000 familles n\u00e9cessiteuses b\u00e9n\u00e9ficieront de ch\u00e8ques d&rsquo;une valeur de 6.000 dinars. Les aides en num\u00e9raires seront vers\u00e9es, selon le chef de l&rsquo;ex\u00e9cutif aux comptes CCP des b\u00e9n\u00e9ficiaires \u00e0 partir du 15 avril en cours. Cette d\u00e9cision avait \u00e9t\u00e9 prise en fait par le Conseil des ministres du mois de juin 2018 pour en [&hellip;]<\/p>\n","protected":false},"author":1740,"featured_media":0,"comment_status":"closed","ping_status":"closed","sticky":false,"template":"","format":"standard","meta":{"fifu_image_url":"","fifu_image_alt":"","footnotes":""},"categories":[53,76],"tags":[],"class_list":["post-27065","post","type-post","status-publish","format-standard","hentry","category-algerie","category-regions"],"_links":{"self":[{"href":"https:\/\/linitiative.ca\/International\/wp-json\/wp\/v2\/posts\/27065","targetHints":{"allow":["GET"]}}],"collection":[{"href":"https:\/\/linitiative.ca\/International\/wp-json\/wp\/v2\/posts"}],"about":[{"href":"https:\/\/linitiative.ca\/International\/wp-json\/wp\/v2\/types\/post"}],"author":[{"embeddable":true,"href":"https:\/\/linitiative.ca\/International\/wp-json\/wp\/v2\/users\/1740"}],"replies":[{"embeddable":true,"href":"https:\/\/linitiative.ca\/International\/wp-json\/wp\/v2\/comments?post=27065"}],"version-history":[{"count":0,"href":"https:\/\/linitiative.ca\/International\/wp-json\/wp\/v2\/posts\/27065\/revisions"}],"wp:attachment":[{"href":"https:\/\/linitiative.ca\/International\/wp-json\/wp\/v2\/media?parent=27065"}],"wp:term":[{"taxonomy":"category","embeddable":true,"href":"https:\/\/linitiative.ca\/International\/wp-json\/wp\/v2\/categories?post=27065"},{"taxonomy":"post_tag","embeddable":true,"href":"https:\/\/linitiative.ca\/International\/wp-json\/wp\/v2\/tags?post=27065"}],"curies":[{"name":"wp","href":"https:\/\/api.w.org\/{rel}","templated":true}]}}