{"id":27066,"date":"2019-04-10T13:37:00","date_gmt":"2019-04-10T17:37:00","guid":{"rendered":"https:\/\/linitiative.ca\/International\/installation-de-bensalah-a-la-tete-de-letat-les-partis-de-lopposition-expriment-leur-rejet\/"},"modified":"2019-04-10T13:37:00","modified_gmt":"2019-04-10T17:37:00","slug":"installation-de-bensalah-a-la-tete-de-letat-les-partis-de-lopposition-expriment-leur-rejet","status":"publish","type":"post","link":"https:\/\/linitiative.ca\/International\/installation-de-bensalah-a-la-tete-de-letat-les-partis-de-lopposition-expriment-leur-rejet\/","title":{"rendered":"INSTALLATION DE BENSALAH A LA TETE DE L&rsquo;ETAT : Les partis de l&rsquo;opposition expriment leur rejet"},"content":{"rendered":"<p><br id=\"sep_para_1\" class=\"sep_para access\"\/><\/p>\n<div id=\"para_1\" class=\"para_30325264 resize\">\n<div class=\"texte access firstletter\">Les partis de l&rsquo;opposition ont rejet\u00e9, ce mardi, l&rsquo;installation de M. Abdelkader Bensalah en qualit\u00e9 de chef de l&rsquo;Etat, affirmant que cette d\u00e9marche \u00ab\u00a0est incompatible\u00a0\u00bb avec les revendications du peuple alg\u00e9rien. Dans ce cadre, le pr\u00e9sident du Mouvement pour la soci\u00e9t\u00e9 de la paix (MSP), Abderrezak Makri a indiqu\u00e9 que \u00ab\u00a0suite \u00e0 l&rsquo;installation de M. Abdelkader Bensalah en qualit\u00e9 de chef de l&rsquo;Etat, en pr\u00e9sence des d\u00e9put\u00e9s pro-pouvoir et contre la volont\u00e9 du peuple, il est imp\u00e9ratif que le mouvement populaire se poursuive jusqu&rsquo;\u00e0 ce que le nouveau chef d&rsquo;Etat d\u00e9missionne de son poste\u00a0\u00bb, avant de plaider pour l&rsquo;application de mesures politiques \u00e0 travers le dialogue qui aboutira \u00e0 l&rsquo;installation d&rsquo;une personnalit\u00e9 accept\u00e9e par le peuple, un chef d&rsquo;Etat qui s&#8217;emploiera \u00e0 la promulgation de d\u00e9crets permettant de r\u00e9aliser les r\u00e9formes avant le retour au processus \u00e9lectoral. Il a estim\u00e9, \u00e0 cet \u00e9gard, que l&rsquo;organisation des \u00e9lections avant la r\u00e9alisation des r\u00e9formes \u00e9tait \u00ab\u00a0comme un d\u00e9dain vis-\u00e0-vis du peuple alg\u00e9rien, et une perte de l&rsquo;image de la belle Alg\u00e9rie qu&rsquo;a su dessiner le mouvement populaire partout dans le monde. C&rsquo;est \u00e9galement mettre en p\u00e9ril la s\u00e9curit\u00e9 et la stabilit\u00e9 du pays\u00a0\u00bb, soulignant que \u00ab\u00a0chaque partie doit assumer ses responsabilit\u00e9s\u00a0\u00bb. Pour sa part, le pr\u00e9sident du Rassemblement pour la culture et la d\u00e9mocratie (RCD), Mohcine Belabbes a publi\u00e9 sur sa page facebook qu&rsquo;il s&rsquo;agissait \u00ab\u00a0du troisi\u00e8me coup d&rsquo;Etat contre la volont\u00e9 populaire&#8230;\u00a0\u00bb, estimant que l&rsquo;installation de M. Bensalah \u00e0 la t\u00eate de l&rsquo;Etat pour une dur\u00e9e de 90 jours \u00ab\u00a0bloque le nouvel \u00e9lan tant attendu\u00a0\u00bb, et que le recours du pouvoir \u00e0 la Constitution \u00ab\u00a0m\u00e8nera \u00e0 l&rsquo;impasse\u00a0\u00bb.<\/div>\n<\/div>\n<p>Auteur: Nadine<br \/>\n<a href=\"https:\/\/www.reflexiondz.net\/INSTALLATION-DE-BENSALAH-A-LA-TETE-DE-L-ETAT-Les-partis-de-l-opposition-expriment-leur-rejet_a55344.html\">Cliquez ici pour lire l&rsquo;article depuis sa source.<\/a><\/p>\n","protected":false},"excerpt":{"rendered":"<p>Les partis de l&rsquo;opposition ont rejet\u00e9, ce mardi, l&rsquo;installation de M. Abdelkader Bensalah en qualit\u00e9 de chef de l&rsquo;Etat, affirmant que cette d\u00e9marche \u00ab\u00a0est incompatible\u00a0\u00bb avec les revendications du peuple alg\u00e9rien. Dans ce cadre, le pr\u00e9sident du Mouvement pour la soci\u00e9t\u00e9 de la paix (MSP), Abderrezak Makri a indiqu\u00e9 que \u00ab\u00a0suite \u00e0 l&rsquo;installation de M. [&hellip;]<\/p>\n","protected":false},"author":1740,"featured_media":0,"comment_status":"closed","ping_status":"closed","sticky":false,"template":"","format":"standard","meta":{"fifu_image_url":"","fifu_image_alt":"","footnotes":""},"categories":[53,76],"tags":[],"class_list":["post-27066","post","type-post","status-publish","format-standard","hentry","category-algerie","category-regions"],"_links":{"self":[{"href":"https:\/\/linitiative.ca\/International\/wp-json\/wp\/v2\/posts\/27066","targetHints":{"allow":["GET"]}}],"collection":[{"href":"https:\/\/linitiative.ca\/International\/wp-json\/wp\/v2\/posts"}],"about":[{"href":"https:\/\/linitiative.ca\/International\/wp-json\/wp\/v2\/types\/post"}],"author":[{"embeddable":true,"href":"https:\/\/linitiative.ca\/International\/wp-json\/wp\/v2\/users\/1740"}],"replies":[{"embeddable":true,"href":"https:\/\/linitiative.ca\/International\/wp-json\/wp\/v2\/comments?post=27066"}],"version-history":[{"count":0,"href":"https:\/\/linitiative.ca\/International\/wp-json\/wp\/v2\/posts\/27066\/revisions"}],"wp:attachment":[{"href":"https:\/\/linitiative.ca\/International\/wp-json\/wp\/v2\/media?parent=27066"}],"wp:term":[{"taxonomy":"category","embeddable":true,"href":"https:\/\/linitiative.ca\/International\/wp-json\/wp\/v2\/categories?post=27066"},{"taxonomy":"post_tag","embeddable":true,"href":"https:\/\/linitiative.ca\/International\/wp-json\/wp\/v2\/tags?post=27066"}],"curies":[{"name":"wp","href":"https:\/\/api.w.org\/{rel}","templated":true}]}}