{"id":27080,"date":"2019-04-10T02:00:00","date_gmt":"2019-04-10T06:00:00","guid":{"rendered":"https:\/\/linitiative.ca\/International\/ridha-chalghoum-et-boutheina-ben-yaghlane-presentent-a-washington-dc-les-avancees-de-la-cdc\/"},"modified":"2019-04-10T02:00:00","modified_gmt":"2019-04-10T06:00:00","slug":"ridha-chalghoum-et-boutheina-ben-yaghlane-presentent-a-washington-dc-les-avancees-de-la-cdc","status":"publish","type":"post","link":"https:\/\/linitiative.ca\/International\/ridha-chalghoum-et-boutheina-ben-yaghlane-presentent-a-washington-dc-les-avancees-de-la-cdc\/","title":{"rendered":"Ridha Chalghoum et Boutheina Ben Yaghlane pr\u00e9sentent \u00e0 Washington DC les avanc\u00e9es de la CDC"},"content":{"rendered":"<p><strong>Taoufik Habaieb, <em>Envoy\u00e9 sp\u00e9cial de Leaders \u00e0 Washington DC &#8211;<\/em><\/strong> Les Caisses des D\u00e9p\u00f4ts s\u2019invitent pour la premi\u00e8re fois au programme des R\u00e9unions du Printemps du Groupe Banque Mondiale \u2013 Fonds mon\u00e9taire international, qui se tiennent depuis lundi \u00e0 Washington DC, \u00e0 la faveur d\u2019une conf\u00e9rence sp\u00e9ciale. La Tunisie y participera activement \u00e0 travers le ministre des Finances, Ridha Chalghoum, et la directrice g\u00e9n\u00e9rale de la CDC, Boutheina Ben Yaghlane. Th\u00e8me choisi\u00a0: \u00ab Les Caisses des D\u00e9p\u00f4ts, un mod\u00e8le pour la mobilisation de l\u2019\u00e9pargne au service de la croissance et du d\u00e9veloppement \u00bb. \u00ab\u00a0Cet \u00e9v\u00e9nement, soulignent les organisateurs, permettra de r\u00e9unir des responsables et dirigeants des Caisses des D\u00e9p\u00f4ts (CDC) d\u2019Europe et d\u2019Afrique afin de mettre en lumi\u00e8re l\u2019apport de ces institutions \u00e0 la croissance et au d\u00e9veloppement et les compl\u00e9mentarit\u00e9s existantes et \u00e0 construire avec les banques de d\u00e9veloppement.\u00a0\u00bb<\/p>\n<p>Deux tables rondes sont au programme ce jeudi 11 avril 2019, \u00e0 16h45, \u00e0 la Banque mondiale. La premi\u00e8re intitul\u00e9e \u00ab\u00a0Les nouvelles CDC en Afrique, entre innovation et retour d\u2019exp\u00e9rience\u00a0\u00bb r\u00e9unira Ridha Chalghoum avec ses homologues de C\u00f4te d\u2019Ivoire et du Burkina Faso. La seconde, donnera la parole \u00e0 Boutheina Ben Yaghlane et ses homologues du Maroc, de la Mauritanie, et du Gabon, ainsi que des repr\u00e9sentants de l\u2019Agence Fran\u00e7aise de D\u00e9veloppement et de la Banque mondiale.<\/p>\n<p class=\"c2\"><strong>Taoufik Habaieb<\/strong><\/p>\n<p class=\"c3\"><strong>Lire aussi<\/strong><br \/><a href=\"https:\/\/www.leaders.com.tn\/article\/26864-pourquoi-le-fmi-revoit-a-la-baisse-la-croissance-mondiale-en-2019\" target=\"_blank\" rel=\"noopener noreferrer\">Pourquoi le FMI revoit \u00e0 la baisse la croissance mondiale en 2019<\/a><br \/><a href=\"https:\/\/www.leaders.com.tn\/article\/26859-qui-participe-au-nom-de-la-tunisie-aux-reunions-du-printemps-a-washington\" target=\"_blank\" rel=\"noopener noreferrer\">Qui participe au nom de la Tunisie aux R\u00e9unions du Printemps \u00e0 Washington<\/a><br \/><a href=\"https:\/\/www.leaders.com.tn\/article\/26863-que-fait-yassine-brahim-a-washington-dc\" target=\"_blank\" rel=\"noopener noreferrer\">Que fait Yassine Brahim \u00e0 Washington DC<\/a><br \/><a href=\"https:\/\/www.leaders.com.tn\/article\/26856-l-agenda-charge-de-jhinaoui-a-new-york-et-washington-conseil-de-securite-sommet-arabe-libye\" target=\"_blank\" rel=\"noopener noreferrer\">L\u2019agenda charg\u00e9 de Jhinaoui \u00e0 New York et Washington : Conseil de S\u00e9curit\u00e9, Sommet arabe, Libye\u2026<\/a><\/p>\n<p class=\"c3\"><a href=\"https:\/\/www.leaders.com.tn\/article\/26865-olfa-soukri-cherif-reelue-a-washington-au-conseil-d-administration-du-reseau-parlementaire-mondial\" target=\"_blank\" rel=\"noopener noreferrer\">Olfa Soukri Cherif, r\u00e9\u00e9lue \u00e0 Washington au Conseil d\u2019administration du r\u00e9seau parlementaire mondial<\/a><\/p>\n<p class=\"c3\"><a href=\"https:\/\/www.leaders.com.tn\/article\/26867-comment-le-fmi-evalue-l-etat-de-l-economie-et-des-finances-de-la-tunisie\" target=\"_blank\" rel=\"noopener noreferrer\">Comment le FMI \u00e9value l\u2019\u00e9tat de l\u2019\u00e9conomie et des finances de la Tunisie (Vid\u00e9o)<\/a><\/p>\n<p>Auteur:<br \/>\n<a href=\"https:\/\/www.leaders.com.tn\/article\/26860-ridha-chalghoum-et-boutheina-ben-yaghlane-presentent-a-washington-dc-les-avancees-de-la-cdc\">Cliquez ici pour lire l&rsquo;article depuis sa source.<\/a><\/p>\n","protected":false},"excerpt":{"rendered":"<p>Taoufik Habaieb, Envoy\u00e9 sp\u00e9cial de Leaders \u00e0 Washington DC &#8211; Les Caisses des D\u00e9p\u00f4ts s\u2019invitent pour la premi\u00e8re fois au programme des R\u00e9unions du Printemps du Groupe Banque Mondiale \u2013 Fonds mon\u00e9taire international, qui se tiennent depuis lundi \u00e0 Washington DC, \u00e0 la faveur d\u2019une conf\u00e9rence sp\u00e9ciale. La Tunisie y participera activement \u00e0 travers le [&hellip;]<\/p>\n","protected":false},"author":1772,"featured_media":0,"comment_status":"closed","ping_status":"closed","sticky":false,"template":"","format":"standard","meta":{"fifu_image_url":"","fifu_image_alt":"","footnotes":""},"categories":[73,55],"tags":[],"class_list":["post-27080","post","type-post","status-publish","format-standard","hentry","category-actualite","category-tunisie"],"_links":{"self":[{"href":"https:\/\/linitiative.ca\/International\/wp-json\/wp\/v2\/posts\/27080","targetHints":{"allow":["GET"]}}],"collection":[{"href":"https:\/\/linitiative.ca\/International\/wp-json\/wp\/v2\/posts"}],"about":[{"href":"https:\/\/linitiative.ca\/International\/wp-json\/wp\/v2\/types\/post"}],"author":[{"embeddable":true,"href":"https:\/\/linitiative.ca\/International\/wp-json\/wp\/v2\/users\/1772"}],"replies":[{"embeddable":true,"href":"https:\/\/linitiative.ca\/International\/wp-json\/wp\/v2\/comments?post=27080"}],"version-history":[{"count":0,"href":"https:\/\/linitiative.ca\/International\/wp-json\/wp\/v2\/posts\/27080\/revisions"}],"wp:attachment":[{"href":"https:\/\/linitiative.ca\/International\/wp-json\/wp\/v2\/media?parent=27080"}],"wp:term":[{"taxonomy":"category","embeddable":true,"href":"https:\/\/linitiative.ca\/International\/wp-json\/wp\/v2\/categories?post=27080"},{"taxonomy":"post_tag","embeddable":true,"href":"https:\/\/linitiative.ca\/International\/wp-json\/wp\/v2\/tags?post=27080"}],"curies":[{"name":"wp","href":"https:\/\/api.w.org\/{rel}","templated":true}]}}