{"id":27082,"date":"2019-04-10T05:10:00","date_gmt":"2019-04-10T09:10:00","guid":{"rendered":"https:\/\/linitiative.ca\/International\/qui-a-dit-que-les-tunisiens-ne-lisaient-pas-photos\/"},"modified":"2019-04-10T05:10:00","modified_gmt":"2019-04-10T09:10:00","slug":"qui-a-dit-que-les-tunisiens-ne-lisaient-pas-photos","status":"publish","type":"post","link":"https:\/\/linitiative.ca\/International\/qui-a-dit-que-les-tunisiens-ne-lisaient-pas-photos\/","title":{"rendered":"Qui  a dit que les Tunisiens ne lisaient pas (Photos)"},"content":{"rendered":"<p>La foire du livre qui se d\u00e9roule depuis vendredi\u00a0 bat tous les records d\u2019affluence. Mardi 9 avril, ils \u00e9taient 50000 visiteurs\u00a0 de tous \u00e2ges \u00e0 se pr\u00e9cipiter dans une belle cohue aux\u00a0 guichets du parc des expositions du Kram avant de se mettre en rang et d&rsquo;attendre son tour pour acc\u00e9der aux rayons. Romans, m\u00e9moires, essais, livres uniniversitaires et religieux et au total une cinquantaine de milliers de livres sont expos\u00e9s, \u00e0 des prix prohibitifs pour les livres import\u00e9s de France, d\u00e9valuation du dinar oblige. En revanche les livres locaux et du Moyen Orient sont accessibles (entre 20 et 30 dinars). \u00a0<\/p>\n<p>Auteur:<br \/>\n<a href=\"https:\/\/www.leaders.com.tn\/article\/26870-qui-a-dit-que-les-tunisiens-ne-lisaient-pas\">Cliquez ici pour lire l&rsquo;article depuis sa source.<\/a><\/p>\n","protected":false},"excerpt":{"rendered":"<p>La foire du livre qui se d\u00e9roule depuis vendredi\u00a0 bat tous les records d\u2019affluence. Mardi 9 avril, ils \u00e9taient 50000 visiteurs\u00a0 de tous \u00e2ges \u00e0 se pr\u00e9cipiter dans une belle cohue aux\u00a0 guichets du parc des expositions du Kram avant de se mettre en rang et d&rsquo;attendre son tour pour acc\u00e9der aux rayons. Romans, m\u00e9moires, [&hellip;]<\/p>\n","protected":false},"author":1772,"featured_media":0,"comment_status":"closed","ping_status":"closed","sticky":false,"template":"","format":"standard","meta":{"fifu_image_url":"","fifu_image_alt":"","footnotes":""},"categories":[73,55],"tags":[],"class_list":["post-27082","post","type-post","status-publish","format-standard","hentry","category-actualite","category-tunisie"],"_links":{"self":[{"href":"https:\/\/linitiative.ca\/International\/wp-json\/wp\/v2\/posts\/27082","targetHints":{"allow":["GET"]}}],"collection":[{"href":"https:\/\/linitiative.ca\/International\/wp-json\/wp\/v2\/posts"}],"about":[{"href":"https:\/\/linitiative.ca\/International\/wp-json\/wp\/v2\/types\/post"}],"author":[{"embeddable":true,"href":"https:\/\/linitiative.ca\/International\/wp-json\/wp\/v2\/users\/1772"}],"replies":[{"embeddable":true,"href":"https:\/\/linitiative.ca\/International\/wp-json\/wp\/v2\/comments?post=27082"}],"version-history":[{"count":0,"href":"https:\/\/linitiative.ca\/International\/wp-json\/wp\/v2\/posts\/27082\/revisions"}],"wp:attachment":[{"href":"https:\/\/linitiative.ca\/International\/wp-json\/wp\/v2\/media?parent=27082"}],"wp:term":[{"taxonomy":"category","embeddable":true,"href":"https:\/\/linitiative.ca\/International\/wp-json\/wp\/v2\/categories?post=27082"},{"taxonomy":"post_tag","embeddable":true,"href":"https:\/\/linitiative.ca\/International\/wp-json\/wp\/v2\/tags?post=27082"}],"curies":[{"name":"wp","href":"https:\/\/api.w.org\/{rel}","templated":true}]}}