{"id":27092,"date":"2019-04-10T09:12:23","date_gmt":"2019-04-10T13:12:23","guid":{"rendered":"https:\/\/linitiative.ca\/International\/50-femmes-qui-comptent-au-maroc-salwa-belamine-dg-de-pernod-ricard-maroc\/"},"modified":"2019-04-10T09:12:23","modified_gmt":"2019-04-10T13:12:23","slug":"50-femmes-qui-comptent-au-maroc-salwa-belamine-dg-de-pernod-ricard-maroc","status":"publish","type":"post","link":"https:\/\/linitiative.ca\/International\/50-femmes-qui-comptent-au-maroc-salwa-belamine-dg-de-pernod-ricard-maroc\/","title":{"rendered":"50 femmes qui comptent au Maroc : Salwa Belamine, DG de Pernod Ricard Maroc"},"content":{"rendered":"<p><strong>Salwa Belamine<\/strong> fait partie des 50 femmes qui comptent au Maroc, s\u00e9lectionn\u00e9es dans le dossier de notre magazine Challenge, paru le 8 mars courant en hommage \u00e0 la femme marocaine.<\/p>\n<div class=\"c10\"\/>\n<p class=\"p1\">La cosmopolite (n\u00e9e \u00e0 Casablanca et grandi \u00e0 Gen\u00e8ve et Metz) est depuis le 1er novembre 2017 directrice g\u00e9n\u00e9rale de Pernod Ricard Maroc et est \u00e9galement membre du Comit\u00e9 de Direction Pernod Ricard MENAT (Middle East North Africa &#038; Turkey).<\/p>\n<p class=\"p1\">Salwa Belamine est dipl\u00f4m\u00e9e d\u2019un Bachelor en Langues Etrang\u00e8res Appliqu\u00e9es avec Sp\u00e9cialit\u00e9 Gestion &#038; Finance Internationale de l\u2019Universit\u00e9 de Metz (France). Apr\u00e8s des exp\u00e9riences initiales en Marketing chez McDonald\u2019s et Johnson&#038;Johnson Morocco, la passionn\u00e9e d\u2019art et de photographie a rejoint Beiersdorf North Africa \u00e0 Casablanca en 2003 o\u00f9 elle occupe successivement les postes de Trade Marketing Manager, Brand Manager (2006), Marketing Manager (2009) puis Commercial Marketing Director de l\u2019Afrique du Nord (2012). Elle rejoint Pernod Ricard Maroc en janvier 2013 en qualit\u00e9 de Marketing Director.<\/p>\n<p class=\"p1\">Aujourd\u2019hui, elle est en charge du d\u00e9veloppement de la croissance de la filiale marocaine de Pernod Ricard (implant\u00e9e depuis 2012 \u00e0 Casablanca), \u00e0 travers la mise en \u0153uvre d\u2019une strat\u00e9gie centr\u00e9e sur le consommateur qui repose sur un portefeuille d\u2019une vingtaine de marques pr\u00e9sentes localement, en assurant une organisation efficace avec pr\u00e8s de 40 collaborateurs aujourd\u2019hui et en identifiant de nouvelles opportunit\u00e9s d\u2019acc\u00e9l\u00e9ration de business.<\/p>\n<div class=\"c17\">\n<fieldset class=\"c16\">\n<legend><strong><span class=\"c11\">Challenge<\/span><span class=\"c12\">news<\/span><\/strong><\/legend>\n<div class=\"c15\">Le meilleur de la r\u00e9daction s\u00e9lectionn\u00e9 par Challenge :<\/p>\n<\/div>\n<\/fieldset>\n<\/div>\n<p>Auteur: challenge<br \/>\n<a href=\"https:\/\/www.challenge.ma\/50-femmes-qui-comptent-au-maroc-salwa-belamine-dg-de-pernod-ricard-maroc-106825\/\">Cliquez ici pour lire l&rsquo;article depuis sa source.<\/a><\/p>\n","protected":false},"excerpt":{"rendered":"<p>Salwa Belamine fait partie des 50 femmes qui comptent au Maroc, s\u00e9lectionn\u00e9es dans le dossier de notre magazine Challenge, paru le 8 mars courant en hommage \u00e0 la femme marocaine. La cosmopolite (n\u00e9e \u00e0 Casablanca et grandi \u00e0 Gen\u00e8ve et Metz) est depuis le 1er novembre 2017 directrice g\u00e9n\u00e9rale de Pernod Ricard Maroc et est [&hellip;]<\/p>\n","protected":false},"author":1787,"featured_media":0,"comment_status":"closed","ping_status":"closed","sticky":false,"template":"","format":"standard","meta":{"fifu_image_url":"","fifu_image_alt":"","footnotes":""},"categories":[78,54],"tags":[],"class_list":["post-27092","post","type-post","status-publish","format-standard","hentry","category-economie","category-maroc"],"_links":{"self":[{"href":"https:\/\/linitiative.ca\/International\/wp-json\/wp\/v2\/posts\/27092","targetHints":{"allow":["GET"]}}],"collection":[{"href":"https:\/\/linitiative.ca\/International\/wp-json\/wp\/v2\/posts"}],"about":[{"href":"https:\/\/linitiative.ca\/International\/wp-json\/wp\/v2\/types\/post"}],"author":[{"embeddable":true,"href":"https:\/\/linitiative.ca\/International\/wp-json\/wp\/v2\/users\/1787"}],"replies":[{"embeddable":true,"href":"https:\/\/linitiative.ca\/International\/wp-json\/wp\/v2\/comments?post=27092"}],"version-history":[{"count":0,"href":"https:\/\/linitiative.ca\/International\/wp-json\/wp\/v2\/posts\/27092\/revisions"}],"wp:attachment":[{"href":"https:\/\/linitiative.ca\/International\/wp-json\/wp\/v2\/media?parent=27092"}],"wp:term":[{"taxonomy":"category","embeddable":true,"href":"https:\/\/linitiative.ca\/International\/wp-json\/wp\/v2\/categories?post=27092"},{"taxonomy":"post_tag","embeddable":true,"href":"https:\/\/linitiative.ca\/International\/wp-json\/wp\/v2\/tags?post=27092"}],"curies":[{"name":"wp","href":"https:\/\/api.w.org\/{rel}","templated":true}]}}