{"id":27095,"date":"2019-04-10T10:18:51","date_gmt":"2019-04-10T14:18:51","guid":{"rendered":"https:\/\/linitiative.ca\/International\/oppo-f11-met-laccent-sur-le-portrait\/"},"modified":"2019-04-10T10:18:51","modified_gmt":"2019-04-10T14:18:51","slug":"oppo-f11-met-laccent-sur-le-portrait","status":"publish","type":"post","link":"https:\/\/linitiative.ca\/International\/oppo-f11-met-laccent-sur-le-portrait\/","title":{"rendered":"Oppo F11 met l\u2019accent sur le portrait"},"content":{"rendered":"<p>Le fabricant chinois lance au Maroc la s\u00e9rie F11 qui se distingue par une ma\u00eetrise plus polyvalente du portrait, une toute nouvelle exp\u00e9rience utilisateur et de nouvelles perc\u00e9es en mati\u00e8re de photographie.<\/p>\n<div class=\"c10\"\/>\n<p>Oppo vient de lancer, officiellement, le 9 avril, \u00e0 Casablanca, le <strong>F11<\/strong> et le F11 Pro. Cette fois, la s\u00e9rie F11 \u00e9volue pour passer de \u00ab Selfie Expert \u00bb \u00e0 \u00ab Portrait Master \u00bb et ce, gr\u00e2ce \u00e0 son tout nouveau capteur d\u2019image de 48 MP qui procure aux utilisateurs une exp\u00e9rience photographique sans pr\u00e9c\u00e9dent.<\/p>\n<p>Les mises \u00e0 niveau logicielles et mat\u00e9rielles se combinent donc pour am\u00e9liorer l\u2019autonomie de la batterie, mais \u00e9galement les performances en mati\u00e8re de jeu et d\u2019exp\u00e9rience utilisateur. Le F11 Pro dispose, en outre, d\u2019un affichage plein \u00e9cran, sans la pr\u00e9sence de la moindre encoche et ce gr\u00e2ce \u00e0 un module de cam\u00e9ra frontale compl\u00e8tement dissimul\u00e9.<\/p>\n<p><span class=\"c11\">Nouvelle exp\u00e9rience en mati\u00e8re de design<\/span><\/p>\n<p>Oppo a \u00e9galement r\u00e9alis\u00e9 des avanc\u00e9es majeures en mati\u00e8re de design en dotant la s\u00e9rie F11 d\u2019un subtil d\u00e9grad\u00e9 de couleurs qui lui procure une beaut\u00e9 compl\u00e8tement naturelle. Le fabricant pr\u00f4ne donc une esth\u00e9tique dont la conception naturelle a r\u00e9ussi \u00e0 impl\u00e9menter toute la beaut\u00e9 de la nature au sein du F11 Pro, et ce gr\u00e2ce \u00e0 de nombreuses perc\u00e9es r\u00e9alis\u00e9es et ce, aussi bien au niveau des mat\u00e9riaux que de la fabrication. <strong>Oppo<\/strong> est \u00e9galement le premier fabricant de Smartphones \u00e0 avoir r\u00e9ussi la prouesse de pouvoir cr\u00e9er un design d\u00e9grad\u00e9 \u00e0 trois couleurs.<\/p>\n<p>D\u00e9nomm\u00e9e Thunder Black, cette conception unique en son genre marie harmonieusement le rouge et le bleu au noir classique, ce qui la rend semblable \u00e0 un m\u00e9t\u00e9ore qui traverse le ciel nocturne. Oppo a \u00e9galement r\u00e9ussi \u00e0 concevoir un motif de d\u00e9grad\u00e9 bicolore unique en son genre: il s\u2019agit du vert Aurora qui s\u2019inspire directement des oc\u00e9ans bleus vibrants entrelac\u00e9s de continents verdoyants.<\/p>\n<p>La s\u00e9rie F11 est \u00e9quip\u00e9e d\u2019un \u00e9cran Full HD + de 6,5 pouces qui d\u00e9livre un rapport de format 19,5:9, pour un rapport \u00e9cran sur \u00e9cran de 90,9%. Le <strong>F11 Pro<\/strong> comporte, en plus, un module de cam\u00e9ra frontale cach\u00e9 qui permet un affichage plein \u00e9cran sans la pr\u00e9sence de la moindre encoche.<\/p>\n<p>Le moteur de la cam\u00e9ra a \u00e9t\u00e9 minutieusement test\u00e9 pour pouvoir garantir un fonctionnement sans faille et ce jusqu\u2019\u00e0 100 fois par jour pendant 6 ans, garantissant ainsi une exp\u00e9rience utilisateur parfaitement positive.<\/p>\n<p><img loading=\"lazy\" decoding=\"async\" class=\"aligncenter size-large wp-image-107504\" src=\"https:\/\/www.challenge.ma\/wp-content\/uploads\/2019\/04\/11-508x1024.png\" alt=\"\" width=\"508\" height=\"1024\" srcset=\"https:\/\/www.challenge.ma\/wp-content\/uploads\/2019\/04\/11-508x1024.png 508w, https:\/\/www.challenge.ma\/wp-content\/uploads\/2019\/04\/11-149x300.png 149w, https:\/\/www.challenge.ma\/wp-content\/uploads\/2019\/04\/11-360x726.png 360w, https:\/\/www.challenge.ma\/wp-content\/uploads\/2019\/04\/11.png 742w\" sizes=\"auto, (max-width: 508px) 100vw, 508px\"\/><\/p>\n<p><span class=\"c11\">De \u00ab Selfie Expert \u00bb \u00e0 \u00ab Portrait Master \u00bb<\/span><\/p>\n<p>Oppo travaille depuis des ann\u00e9es \u00e0 faire progresser le domaine de la photographie via Selfie. Aujourd\u2019hui, la s\u00e9rie F11 a r\u00e9ussi \u00e0 franchir une toute nouvelle \u00e9tape en offrant aux utilisateurs la possibilit\u00e9 d\u2019exp\u00e9rimenter le mode <strong>Portrait<\/strong>. Afin de pouvoir efficacement aider ces derniers \u00e0 capturer de superbes photos quelle que soit la situation, Oppo a d\u00e9ploy\u00e9 des moyens consid\u00e9rables dans le but de faciliter la prise de photos de nuit comme de jour.<\/p>\n<p>La s\u00e9rie F11 est ainsi \u00e9quip\u00e9e d\u2019un capteur d\u2019image de 48 MP dot\u00e9 d\u2019une grande ouverture F1.79. Associ\u00e9 \u00e0 un objectif 6P, l\u2019appareil photo est capable de d\u00e9tecter encore plus de lumi\u00e8re lors des prises de vue et ce m\u00eame lorsque la luminosit\u00e9 est tr\u00e8s faible, ce qui garantit ainsi une capture plus en d\u00e9tails.<\/p>\n<p>Lors de la capture d\u2019un portrait de nuit, la technologie Tetracell permet d\u2019analyser et de combiner les donn\u00e9es de quatre pixels adjacents afin d\u2019offrir l\u2019\u00e9quivalent d\u2019un pixel de 1,6 \u00b5m, soit deux fois le nombre de pixels photosensibles, ce qui am\u00e9liore la sensibilit\u00e9 \u00e0 la lumi\u00e8re et offre aux utilisateurs la possibilit\u00e9 de capturer des portraits de nuit beaucoup plus clairs.<\/p>\n<p><span class=\"c11\">De la photographie \u00e0 tout usage<\/span><\/p>\n<p>La s\u00e9rie F11 a permis d\u2019am\u00e9liorer radicalement l\u2019exp\u00e9rience utilisateur. Tout d\u2019abord, la s\u00e9rie F11 est \u00e9quip\u00e9e d\u2019une batterie d\u00e9livrant une capacit\u00e9 de 4 000 mAh, soit 500 mAh de plus que la g\u00e9n\u00e9ration pr\u00e9c\u00e9dente.<\/p>\n<p>La toute nouvelle technologie de recharge flash <strong>VOOC<\/strong> 3.0 s\u2019appuie sur un nouvel algorithme FFC qui permet de r\u00e9duire le temps de recharge de 20 minutes par rapport \u00e0 la g\u00e9n\u00e9ration pr\u00e9c\u00e9dente (ce qui signifie que la s\u00e9rie F11 peut \u00eatre enti\u00e8rement recharg\u00e9e en moins de 80 minutes !).<\/p>\n<p>Pour ce qui est de la s\u00e9curit\u00e9, Oppo a mis en place des adaptateurs sp\u00e9ciaux, mais aussi des batteries, des c\u00e2bles, des circuits et des interfaces, tout en d\u00e9veloppant sa technologie de protection intelligente \u00e0 cinq couches qui prot\u00e8ge efficacement les utilisateurs. Les F11 et F11 Pro sont \u00e9galement \u00e9quip\u00e9s du nouveau syst\u00e8me ColorOS 6, sp\u00e9cialement con\u00e7u pour les Smartphones \u00e0 \u00e9cran plein.<\/p>\n<p><span class=\"c11\">Prix\u00a0:<\/span><\/p>\n<p>Oppo F11 Pro : 3 999 DH<\/p>\n<div class=\"c18\">\n<fieldset class=\"c17\">\n<legend><strong><span class=\"c12\">Challenge<\/span><span class=\"c13\">news<\/span><\/strong><\/legend>\n<div class=\"c16\">Le meilleur de la r\u00e9daction s\u00e9lectionn\u00e9 par Challenge :<\/p>\n<\/div>\n<\/fieldset>\n<\/div>\n<p>Auteur: Karim Handaoui<br \/>\n<a href=\"https:\/\/www.challenge.ma\/oppo-f11-met-laccent-sur-le-portrait-107502\/\">Cliquez ici pour lire l&rsquo;article depuis sa source.<\/a><\/p>\n","protected":false},"excerpt":{"rendered":"<p>Le fabricant chinois lance au Maroc la s\u00e9rie F11 qui se distingue par une ma\u00eetrise plus polyvalente du portrait, une toute nouvelle exp\u00e9rience utilisateur et de nouvelles perc\u00e9es en mati\u00e8re de photographie. Oppo vient de lancer, officiellement, le 9 avril, \u00e0 Casablanca, le F11 et le F11 Pro. Cette fois, la s\u00e9rie F11 \u00e9volue pour [&hellip;]<\/p>\n","protected":false},"author":1787,"featured_media":27096,"comment_status":"closed","ping_status":"closed","sticky":false,"template":"","format":"standard","meta":{"fifu_image_url":"","fifu_image_alt":"","footnotes":""},"categories":[78,54],"tags":[],"class_list":["post-27095","post","type-post","status-publish","format-standard","has-post-thumbnail","hentry","category-economie","category-maroc"],"_links":{"self":[{"href":"https:\/\/linitiative.ca\/International\/wp-json\/wp\/v2\/posts\/27095","targetHints":{"allow":["GET"]}}],"collection":[{"href":"https:\/\/linitiative.ca\/International\/wp-json\/wp\/v2\/posts"}],"about":[{"href":"https:\/\/linitiative.ca\/International\/wp-json\/wp\/v2\/types\/post"}],"author":[{"embeddable":true,"href":"https:\/\/linitiative.ca\/International\/wp-json\/wp\/v2\/users\/1787"}],"replies":[{"embeddable":true,"href":"https:\/\/linitiative.ca\/International\/wp-json\/wp\/v2\/comments?post=27095"}],"version-history":[{"count":0,"href":"https:\/\/linitiative.ca\/International\/wp-json\/wp\/v2\/posts\/27095\/revisions"}],"wp:featuredmedia":[{"embeddable":true,"href":"https:\/\/linitiative.ca\/International\/wp-json\/"}],"wp:attachment":[{"href":"https:\/\/linitiative.ca\/International\/wp-json\/wp\/v2\/media?parent=27095"}],"wp:term":[{"taxonomy":"category","embeddable":true,"href":"https:\/\/linitiative.ca\/International\/wp-json\/wp\/v2\/categories?post=27095"},{"taxonomy":"post_tag","embeddable":true,"href":"https:\/\/linitiative.ca\/International\/wp-json\/wp\/v2\/tags?post=27095"}],"curies":[{"name":"wp","href":"https:\/\/api.w.org\/{rel}","templated":true}]}}