{"id":27097,"date":"2019-04-10T12:35:56","date_gmt":"2019-04-10T16:35:56","guid":{"rendered":"https:\/\/linitiative.ca\/International\/risma-envisage-une-montee-en-puissance-sur-le-milieu-de-gamme\/"},"modified":"2019-04-10T12:35:56","modified_gmt":"2019-04-10T16:35:56","slug":"risma-envisage-une-montee-en-puissance-sur-le-milieu-de-gamme","status":"publish","type":"post","link":"https:\/\/linitiative.ca\/International\/risma-envisage-une-montee-en-puissance-sur-le-milieu-de-gamme\/","title":{"rendered":"Risma envisage une mont\u00e9e en puissance sur le milieu de gamme"},"content":{"rendered":"<p>Le premier <strong>op\u00e9rateur touristique<\/strong> du Royaume entend \u00e9largir sa gamme d\u2019offres, d\u00e9j\u00e0 bien fournie. Le groupe Risma envisage, en effet, de s\u2019attaquer au milieu de gamme en vue de d\u00e9velopper ce segment, qui demeure encore assez timor\u00e9 dans son portefeuille d\u2019actifs. L\u2019id\u00e9e globalement est de renforcer davantage la pr\u00e9sence de sa marque <strong>Novotel<\/strong>, vaisseau amiral du groupe dans ce segment, dans les diff\u00e9rentes villes du Royaumes et aussi d\u2019acqu\u00e9rir des 3 \u00e9toiles en cas d\u2019opportunit\u00e9s int\u00e9ressantes.<\/p>\n<div class=\"c10\"\/>\n<p>D\u2019ailleurs, le groupe a d\u00e9j\u00e0 entam\u00e9 la construction d\u2019un Novotel \u00e0 Rabat de 176 chambres \u00e0 Rabat, qui viendra s\u2019ajouter \u00e0 l\u2019existant pour <strong>renforcer l\u2019offre<\/strong> sur ce segment. Mais, il y a une nuance \u00e0 apporter. \u00ab\u00a0Nous sommes en train d\u2019examiner toutes les possibilit\u00e9s, parce qu\u2019il y a beaucoup d\u2019h\u00f4tels \u00e0 vendre aujourd\u2019hui sur le march\u00e9. Et donc, celui qui repr\u00e9senterait un investissement convenable pour les actionnaires du groupe fera son entr\u00e9e dans notre giron. Nous sommes \u00e0 l\u2019affut des opportunit\u00e9s sur le milieu de gamme et nous scrutons chaque occasion\u00a0\u00bb, confirme Amine Echcherki, Pr\u00e9sident du Directoire de <strong>Risma<\/strong>. Cependant, il explique que ce n\u2019est pas un objectif primordial et c\u2019est l\u2019opportunit\u00e9 qui va guider les investissements du groupe dans ce sens. \u00ab\u00a0Mais, vu que nous n\u2019avons pas beaucoup de milieu de gamme, nous voudrions bien \u00e9largir ce segment\u00a0\u00bb, assure-t-il.<\/p>\n<p>2018, une ann\u00e9e record pour le groupe Risma<\/p>\n<p>Toujours est-il que le groupe Risma est \u00e0 l\u2019\u00e9coute des opportunit\u00e9s d\u2019acquisition ou de cession et continue de d\u00e9ployer sa strat\u00e9gie visant l\u2019am\u00e9lioration de sa rentabilit\u00e9 d\u2019exploitation. Par ailleurs, Risma poursuit sa <strong>bonne dynamique<\/strong>, avec des performances en hausse \u00e0 fin 2018. La soci\u00e9t\u00e9, qui d\u00e9tient 24 h\u00f4tels dans son portefeuille, repr\u00e9sentant plus de 3872 chambres, a enregistr\u00e9 un r\u00e9sultat net consolid\u00e9 passant de -86 millions de DH en 2017 \u00e0 +101 millions de DH en 2018.<\/p>\n<p>Selon le top management, cette progression int\u00e8gre notamment un chiffre d\u2019affaires consolid\u00e9 en progression de 92 millions de DH, soit une hausse de 6% par rapport \u00e0 l\u2019ann\u00e9e 2017. En effet, le groupe a r\u00e9alis\u00e9 un chiffre d\u2019affaires de 1,5 milliard de DH, en croissance de 6% par rapport \u00e0 2017. De son c\u00f4t\u00e9, le r\u00e9sultat d\u2019exploitation enregistre une <strong>croissance<\/strong> de 15% par rapport \u00e0 l\u2019exercice pr\u00e9c\u00e9dent, avec une marge de 17%, pour s\u2019\u00e9tablir \u00e0 259 millions de DH contre 226 millions de DH en 2017.<\/p>\n<p>De m\u00eame, l\u2019EBITDA a progress\u00e9 de 12% \u00e0 451 millions de DH contre 404 millions de DH une ann\u00e9e auparavant. Le top management explique que cette bonne performance enregistr\u00e9e en 2018 est le fait de la hausse de l\u2019activit\u00e9 et de la bonne maitrise des charges. \u00ab Cela fait une vingtaine d\u2019ann\u00e9e que Risma existe et cette ann\u00e9e est une ann\u00e9e record pour le groupe en termes de r\u00e9sultats \u00bb, s\u2019est r\u00e9joui Amine Echcherki. Rappelons que l\u2019activit\u00e9 du groupe a \u00e9t\u00e9 marqu\u00e9e en 2018 notamment par un secteur touristique national ayant enregistr\u00e9 de bonnes performances avec une hausse de 8,3% du volume des arriv\u00e9es et de 6% des recettes voyages.<\/p>\n<p>Soulignons qu\u2019\u00e0 fin 2018, Risma a achev\u00e9 une bonne partie de la <strong>r\u00e9novation<\/strong> de 7 h\u00f4tels Ibis et du Sofitel Marrakech \u00ab\u00a0Lounge and Spa \u00bb, et poursuivra \u00e9galement en 2019 la construction de l\u2019Ibis Abdelmoumen (Casablanca) dont l\u2019ouverture est pr\u00e9vue en janvier 2020 \u00e0 .<\/p>\n<div class=\"c17\">\n<fieldset class=\"c16\">\n<legend><strong><span class=\"c11\">Challenge<\/span><span class=\"c12\">news<\/span><\/strong><\/legend>\n<div class=\"c15\">Le meilleur de la r\u00e9daction s\u00e9lectionn\u00e9 par Challenge :<\/p>\n<\/div>\n<\/fieldset>\n<\/div>\n<p>Auteur: Roland Amoussou<br \/>\n<a href=\"https:\/\/www.challenge.ma\/risma-envisage-une-montee-en-puissance-sur-le-milieu-de-gamme-107508\/\">Cliquez ici pour lire l&rsquo;article depuis sa source.<\/a><\/p>\n","protected":false},"excerpt":{"rendered":"<p>Le premier op\u00e9rateur touristique du Royaume entend \u00e9largir sa gamme d\u2019offres, d\u00e9j\u00e0 bien fournie. Le groupe Risma envisage, en effet, de s\u2019attaquer au milieu de gamme en vue de d\u00e9velopper ce segment, qui demeure encore assez timor\u00e9 dans son portefeuille d\u2019actifs. L\u2019id\u00e9e globalement est de renforcer davantage la pr\u00e9sence de sa marque Novotel, vaisseau amiral [&hellip;]<\/p>\n","protected":false},"author":1787,"featured_media":0,"comment_status":"closed","ping_status":"closed","sticky":false,"template":"","format":"standard","meta":{"fifu_image_url":"","fifu_image_alt":"","footnotes":""},"categories":[78,54],"tags":[],"class_list":["post-27097","post","type-post","status-publish","format-standard","hentry","category-economie","category-maroc"],"_links":{"self":[{"href":"https:\/\/linitiative.ca\/International\/wp-json\/wp\/v2\/posts\/27097","targetHints":{"allow":["GET"]}}],"collection":[{"href":"https:\/\/linitiative.ca\/International\/wp-json\/wp\/v2\/posts"}],"about":[{"href":"https:\/\/linitiative.ca\/International\/wp-json\/wp\/v2\/types\/post"}],"author":[{"embeddable":true,"href":"https:\/\/linitiative.ca\/International\/wp-json\/wp\/v2\/users\/1787"}],"replies":[{"embeddable":true,"href":"https:\/\/linitiative.ca\/International\/wp-json\/wp\/v2\/comments?post=27097"}],"version-history":[{"count":0,"href":"https:\/\/linitiative.ca\/International\/wp-json\/wp\/v2\/posts\/27097\/revisions"}],"wp:attachment":[{"href":"https:\/\/linitiative.ca\/International\/wp-json\/wp\/v2\/media?parent=27097"}],"wp:term":[{"taxonomy":"category","embeddable":true,"href":"https:\/\/linitiative.ca\/International\/wp-json\/wp\/v2\/categories?post=27097"},{"taxonomy":"post_tag","embeddable":true,"href":"https:\/\/linitiative.ca\/International\/wp-json\/wp\/v2\/tags?post=27097"}],"curies":[{"name":"wp","href":"https:\/\/api.w.org\/{rel}","templated":true}]}}