{"id":27119,"date":"2019-04-09T18:02:46","date_gmt":"2019-04-09T22:02:46","guid":{"rendered":"https:\/\/linitiative.ca\/International\/proces-du-putsch-des-victimes-racontent-lhorreur\/"},"modified":"2019-04-09T18:02:46","modified_gmt":"2019-04-09T22:02:46","slug":"proces-du-putsch-des-victimes-racontent-lhorreur","status":"publish","type":"post","link":"https:\/\/linitiative.ca\/International\/proces-du-putsch-des-victimes-racontent-lhorreur\/","title":{"rendered":"Proc\u00e8s du putsch : Des victimes racontent l\u2019horreur"},"content":{"rendered":"<div class=\"td-post-featured-image\"><a href=\"https:\/\/i0.wp.com\/www.sidwaya.info\/wp-content\/uploads\/2019\/04\/hommage-victimes.jpg?fit=600%2C401&#038;ssl=1\" data-caption=\"\"><img loading=\"lazy\" decoding=\"async\" width=\"600\" height=\"401\" class=\"entry-thumb td-modal-image\" src=\"https:\/\/i0.wp.com\/www.sidwaya.info\/wp-content\/uploads\/2019\/04\/hommage-victimes.jpg?resize=600%2C401&#038;ssl=1\" srcset=\"https:\/\/i0.wp.com\/www.sidwaya.info\/wp-content\/uploads\/2019\/04\/hommage-victimes.jpg?w=600&#038;ssl=1 600w, https:\/\/i0.wp.com\/www.sidwaya.info\/wp-content\/uploads\/2019\/04\/hommage-victimes.jpg?resize=300%2C201&#038;ssl=1 300w\" sizes=\"auto, (max-width: 600px) 100vw, 600px\" alt=\"\" title=\"hommage-victimes\"\/><\/a><\/div>\n<div class=\"td-a-rec td-a-rec-id-content_top td_uid_30_5cae63ab0c7f1_rand td_block_template_1\"><img loading=\"lazy\" decoding=\"async\" class=\"aligncenter size-full wp-image-4463\" src=\"https:\/\/www.sidwaya.info\/wp-content\/uploads\/2019\/02\/FESPACO-TOUR-2019-Bannie%CC%80re-728x90-1.jpg\" alt=\"\" width=\"728\" height=\"90\"\/><\/div>\n<p><strong>L\u2019audition des victimes du putsch manqu\u00e9 a d\u00e9but\u00e9, le mardi 9 avril 2019 au tribunal militaire, sis \u00e0 Ouaga 2000. Sur un total de 306 victimes, c\u2019est une soixantaine qui a finalement \u00e9t\u00e9 retenue par le tribunal \u00e0 l\u2019issue de la conf\u00e9rence entre le parquet, les avocats de la partie civile et la d\u00e9fense.<\/strong><\/p>\n<p>C\u2019est parti pour l\u2019audition des victimes du coup d\u2019Etat manqu\u00e9 de 2015. Sur un total de pr\u00e8s de 306, une soixantaine a \u00e9t\u00e9 retenue pour l\u2019interrogatoire \u00e0 la barre. Certaines sont des bless\u00e9s par balles et d\u2019autres ont vu leurs biens d\u00e9truits.<\/p>\n<p>C\u2019est pourquoi, elles r\u00e9clament r\u00e9paration pour le pr\u00e9judice caus\u00e9. Le 9 avril 2019, c\u2019est plus d\u2019une dizaine de victimes qui ont \u00e9t\u00e9 entendues. Il s\u2019agit de Abdou Ata, Gildas Yoda, Paul Ou\u00e9draogo, Bewendtor\u00e9 Larar Kabor\u00e9, Amad\u00e9 Zonou, Nestor Abourabou, Boureima Ou\u00e9draogo, Mohamed Lamine K\u00e9r\u00e9, Adama Compaor\u00e9 et Patrice Sanogo. Tous ont re\u00e7u des balles lors des \u00e9v\u00e8nements des 16 septembre et jours suivants.<\/p>\n<p>A les entendre, les tirs ont eu lieu vers le stade municipal et le palais du Moogho Naaba, \u00e0 la cit\u00e9 An III et au centre-ville. Pour Gildas Yoda, alors qu\u2019il revenait du march\u00e9 le 17 septembre 2015, des individus arm\u00e9s dans une voiture (pick-up) ont ouvert le feu sur des manifestants. \u00ab J\u2019ai pris la fuite et deux motards m\u2019ont pourchass\u00e9. Ils m\u2019ont bastonn\u00e9 tout en me r\u00e9p\u00e9tant que j\u2019\u00e9tais un membre du mouvement Le balai citoyen. Ensuite, ils m\u2019ont balanc\u00e9 dans un foss\u00e9 et sont partis avec ma moto et une somme de 50 000 F CFA \u00bb, a-t-il expliqu\u00e9.<\/p>\n<p>Comme lui, chacun d\u2019eux a v\u00e9cu des moments cauchemardesques pendant le putsch. Malheureusement, il est impossible pour ces victimes d\u2019identifier les auteurs, car ils \u00e9taient tous cagoul\u00e9s et habill\u00e9s en tenue militaire (l\u00e9opard). \u00ab Je ne peux pas les identifier, car ils portaient des cagoules. Mais ils \u00e9taient habill\u00e9s en tenue de l\u2019ex-RSP \u00bb, ont-ils tous d\u00e9crit. Siaka Diallo, un militaire, dont l\u2019oncle a \u00e9t\u00e9 tu\u00e9 par balle, a signifi\u00e9 qu\u2019il connait tr\u00e8s bien les diff\u00e9rentes tenues de l\u2019arm\u00e9e. Il a m\u00eame pr\u00e9cis\u00e9 que les \u00e9l\u00e9ments portaient des armes AK 47, des PA (pistolet automatique) et des kalachnikovs.<\/p>\n<p>Le fait marquant est qu\u2019ils ont tous re\u00e7u des balles \u00e0 bout portant contrairement \u00e0 ce que veulent faire croire les accus\u00e9s comme \u00e9tant des tirs de sommation dont les balles perdues les auraient touch\u00e9s. Adama Compaor\u00e9, victime d\u2019une balle \u00e0 la cuisse-gauche l\u2019a d\u00e9montr\u00e9. C\u2019\u00e9tait le 17 septembre 2015, alors qu\u2019il \u00e9tait all\u00e9 rendre visite \u00e0 un ami vers le march\u00e9 du 10 yaar. \u00ab C\u2019est l\u00e0 que des militaires sont venus nous menacer avec des armes. Dans leurs menaces, c\u2019\u00e9tait des mots tels que c\u2019est fini de vos propos sur toutes les antennes des radios \u00e0 propos du pouvoir d\u00e9chu.<\/p>\n<p>Aujourd\u2019hui, le g\u00e9n\u00e9ral Diend\u00e9r\u00e9 a pris le pouvoir. C\u2019est en ce moment qu\u2019ils ont tir\u00e9 sur moi \u00bb, a pr\u00e9cis\u00e9 M. Compaor\u00e9. Et une autre victime, Patrice Yanogo de soutenir qu\u2019il a \u00e9t\u00e9 poursuivi par un pick-up, de la Place de la nation jusqu\u2019aux encablures du lyc\u00e9e Zinda. \u00ab Ils m\u2019ont mis \u00e0 genou et un a tir\u00e9 \u00e0 bout portant sur mon avant-bras gauche \u00bb, a-t-il confirm\u00e9 \u00e0 la barre. Pour l\u2019avocat de la partie civile, Me Prosp\u00e8re Farama, tous ces t\u00e9moignages montrent que les accus\u00e9s n\u2019ont pas fait des tirs de sommation comme ils l\u2019ont indiqu\u00e9.<\/p>\n<p>Ils ont simplement tir\u00e9 sur les manifestants qui s\u2019opposaient \u00e0 l\u2019arrestation des autorit\u00e9s de la Transition. Et des victimes en gardent toujours des s\u00e9quelles, \u00e0 l\u2019image de l\u2019\u00e9tudiant Amad\u00e9 Zonou, atteint par deux balles et pr\u00e9sentement handicap\u00e9 moteur. \u00ab Ce n\u2019est qu\u2019en 2018 que j\u2019ai pu extraire la balle au niveau de ma cheville gr\u00e2ce \u00e0 une intervention chirurgicale \u00bb, a confi\u00e9 une autre victime, Lamine K\u00e9r\u00e9.<\/p>\n<p><strong>La d\u00e9fense muette<\/strong><\/p>\n<p>Dans la soir\u00e9e, le tribunal a poursuivi l\u2019audition des victimes par lots de dix. Dans la deuxi\u00e8me liste, du fait de l\u2019\u00e9motion, certaines victimes ou leurs ayant droits n\u2019ont pas pu retenir leurs larmes ou aller jusqu\u2019au terme de leurs narrations. Parmi ceux-ci, Boukari Yelnogo, dont le fr\u00e8re a \u00e9t\u00e9 tu\u00e9 par balle, le 17 septembre 2015, alors qu\u2019il \u00e9tait dans son garage aux environs de l\u2019Ecole nationale des douanes. Relatant les circonstances douloureuses de cette perte, il a fondu en larmes.<\/p>\n<p>M\u00eame son avocat, Me Prosper Farama a avou\u00e9 qu\u2019il n\u2019a pas assez de force pour expliquer cette \u00ab horreur \u00bb. Jean S\u00e9dogo, r\u00e9sidant \u00e0 Yagma, a aussi perdu son unique fils, Richard, le 17 septembre. \u00ab C\u2019est le lendemain, \u00e0 la morgue de l\u2019h\u00f4pital Yalgado que j\u2019ai retrouv\u00e9 son corps touch\u00e9 par une balle \u00bb, a d\u00e9clar\u00e9 le sexag\u00e9naire. Etienne Kologo, lui, a expliqu\u00e9 que son neveu, Apollinaire, a trouv\u00e9 la mort le 18 septembre. Selon lui, des t\u00e9moins ont rapport\u00e9 que le d\u00e9funt a \u00e9t\u00e9 abattu par des militaires de l\u2019ex-RSP devant l\u2019ENAREF.<\/p>\n<p>\u00ab Il a re\u00e7u 4 balles dans le corps. Il \u00e9tait l\u2019unique fils de son p\u00e8re \u00bb, a pr\u00e9cis\u00e9 le cultivateur Kologo. Et le parquet d\u2019ajouter que dans la d\u00e9position de M. Kologo \u00e0 la gendarmerie, il a indiqu\u00e9 que le p\u00e8re de la victime n\u2019a plus retrouv\u00e9 ses esprits depuis les \u00e9v\u00e9nements et est m\u00eame d\u00e9c\u00e9d\u00e9 un mois apr\u00e8s. \u00ab Le RSP a tir\u00e9 sur Apollinaire en pensant que c\u2019\u00e9tait un membre du Balai citoyen, parce qu\u2019il portait un T-shirt noir \u00bb, a r\u00e9v\u00e9l\u00e9 le procureur avant d\u2019inviter le tribunal \u00e0 penser \u00e0 cette victime quand il va entrer en d\u00e9lib\u00e9ration.<\/p>\n<p>Quant au couturier Souma\u00efla Ou\u00e9draogo, il a t\u00e9moign\u00e9 que Ang\u00e8le Kabor\u00e9, la femme de son fr\u00e8re, a re\u00e7u une balle au sein gauche, le 17 septembre et le 20, elle en est d\u00e9c\u00e9d\u00e9e, laissant derri\u00e8re elle, un b\u00e9b\u00e9 de quatre mois. Hamidou Sawadogo, lui, n\u2019est pas mort mais a train\u00e9 une balle dans le corps pendant plus de trois mois avant qu\u2019on ne puisse l\u2019extraire en 2018. Un autre \u00ab chanceux \u00bb est le jeune Abdoul Kader Niki\u00e9ma a rapport\u00e9 qu\u2019une balle a travers\u00e9 son dos alors qu\u2019il \u00e9tait vers le palais du Mogho Naaba.<\/p>\n<p>Apr\u00e8s 3 mois dans le coma, il s\u2019entendra dire que ce sont des \u00e9l\u00e9ments motoris\u00e9s de l\u2019ex-RSP qui ont tir\u00e9 sur lui. Le parquet a rappel\u00e9 qu\u2019il s\u2019agit de ce jeune que les vid\u00e9os ont montr\u00e9, gisant dans le sang vers le palais du Mogho Naaba. \u00ab Quand j\u2019ai vu la vid\u00e9o, je pensais que cette victime \u00e9tait d\u00e9c\u00e9d\u00e9e \u00bb, a soulign\u00e9 Me Farama.<\/p>\n<p>A la suite, le tribunal a encore convoqu\u00e9 une liste de 11 victimes mais 5 ont \u00e9t\u00e9 entendues. La d\u00e9fense n\u2019a fait aucun commentaire apr\u00e8s leur passage. Toutes les victimes ont soutenu qu\u2019elles se constituaient partie civile, convaincus pour la plupart que les militaires qui ont tir\u00e9 provenaient de l\u2019ex-RSP. L\u2019audience se poursuit ce mercredi 10 avril, toujours avec les parties civiles.<\/p>\n<p><strong>Fleur BIRBA<\/strong><br \/><strong>Mady KABRE<\/strong><\/p>\n<div class=\"td-a-rec td-a-rec-id-content_bottom td_uid_31_5cae63ab0ca3c_rand td_block_template_1\"><img loading=\"lazy\" decoding=\"async\" class=\"alignright size-full wp-image-1724\" src=\"https:\/\/www.sidwaya.info\/wp-content\/uploads\/2018\/12\/sidwaya-pub.jpg\" alt=\"\" width=\"720\" height=\"90\"\/><\/div>\n<p>Auteur: DB. Sidwaya<br \/>\n<a href=\"https:\/\/www.sidwaya.info\/blog\/2019\/04\/09\/proces-du-putsch-des-victimes-racontent-lhorreur\/\">Cliquez ici pour lire l&rsquo;article depuis sa source.<\/a><\/p>\n","protected":false},"excerpt":{"rendered":"<p>L\u2019audition des victimes du putsch manqu\u00e9 a d\u00e9but\u00e9, le mardi 9 avril 2019 au tribunal militaire, sis \u00e0 Ouaga 2000. Sur un total de 306 victimes, c\u2019est une soixantaine qui a finalement \u00e9t\u00e9 retenue par le tribunal \u00e0 l\u2019issue de la conf\u00e9rence entre le parquet, les avocats de la partie civile et la d\u00e9fense. C\u2019est [&hellip;]<\/p>\n","protected":false},"author":1816,"featured_media":0,"comment_status":"closed","ping_status":"closed","sticky":false,"template":"","format":"standard","meta":{"fifu_image_url":"","fifu_image_alt":"","footnotes":""},"categories":[73,81],"tags":[],"class_list":["post-27119","post","type-post","status-publish","format-standard","hentry","category-actualite","category-burkina-faso"],"_links":{"self":[{"href":"https:\/\/linitiative.ca\/International\/wp-json\/wp\/v2\/posts\/27119","targetHints":{"allow":["GET"]}}],"collection":[{"href":"https:\/\/linitiative.ca\/International\/wp-json\/wp\/v2\/posts"}],"about":[{"href":"https:\/\/linitiative.ca\/International\/wp-json\/wp\/v2\/types\/post"}],"author":[{"embeddable":true,"href":"https:\/\/linitiative.ca\/International\/wp-json\/wp\/v2\/users\/1816"}],"replies":[{"embeddable":true,"href":"https:\/\/linitiative.ca\/International\/wp-json\/wp\/v2\/comments?post=27119"}],"version-history":[{"count":0,"href":"https:\/\/linitiative.ca\/International\/wp-json\/wp\/v2\/posts\/27119\/revisions"}],"wp:attachment":[{"href":"https:\/\/linitiative.ca\/International\/wp-json\/wp\/v2\/media?parent=27119"}],"wp:term":[{"taxonomy":"category","embeddable":true,"href":"https:\/\/linitiative.ca\/International\/wp-json\/wp\/v2\/categories?post=27119"},{"taxonomy":"post_tag","embeddable":true,"href":"https:\/\/linitiative.ca\/International\/wp-json\/wp\/v2\/tags?post=27119"}],"curies":[{"name":"wp","href":"https:\/\/api.w.org\/{rel}","templated":true}]}}