{"id":27120,"date":"2019-04-09T18:28:39","date_gmt":"2019-04-09T22:28:39","guid":{"rendered":"https:\/\/linitiative.ca\/International\/climat-des-affaires-les-preoccupations-du-secteur-prive-exposees-au-premier-ministre\/"},"modified":"2019-04-09T18:28:39","modified_gmt":"2019-04-09T22:28:39","slug":"climat-des-affaires-les-preoccupations-du-secteur-prive-exposees-au-premier-ministre","status":"publish","type":"post","link":"https:\/\/linitiative.ca\/International\/climat-des-affaires-les-preoccupations-du-secteur-prive-exposees-au-premier-ministre\/","title":{"rendered":"Climat des affaires : Les pr\u00e9occupations du secteur priv\u00e9 expos\u00e9es au Premier ministre"},"content":{"rendered":"<div class=\"td-post-featured-image\"><a href=\"https:\/\/i1.wp.com\/www.sidwaya.info\/wp-content\/uploads\/2019\/04\/Audience-PM.jpg?fit=600%2C389&#038;ssl=1\" data-caption=\"\"><img loading=\"lazy\" decoding=\"async\" width=\"600\" height=\"389\" class=\"entry-thumb td-modal-image\" src=\"https:\/\/i1.wp.com\/www.sidwaya.info\/wp-content\/uploads\/2019\/04\/Audience-PM.jpg?resize=600%2C389&#038;ssl=1\" srcset=\"https:\/\/i1.wp.com\/www.sidwaya.info\/wp-content\/uploads\/2019\/04\/Audience-PM.jpg?w=600&#038;ssl=1 600w, https:\/\/i1.wp.com\/www.sidwaya.info\/wp-content\/uploads\/2019\/04\/Audience-PM.jpg?resize=300%2C195&#038;ssl=1 300w\" sizes=\"auto, (max-width: 600px) 100vw, 600px\" alt=\"\" title=\"Audience-PM\"\/><\/a><\/div>\n<div class=\"td-a-rec td-a-rec-id-content_top td_uid_30_5cae63adea4c6_rand td_block_template_1\"><img loading=\"lazy\" decoding=\"async\" class=\"aligncenter size-full wp-image-4463\" src=\"https:\/\/www.sidwaya.info\/wp-content\/uploads\/2019\/02\/FESPACO-TOUR-2019-Bannie%CC%80re-728x90-1.jpg\" alt=\"\" width=\"728\" height=\"90\"\/><\/div>\n<p><strong>Les pr\u00e9occupations du secteur priv\u00e9 burkinab\u00e8 \u00e9taient au centre des \u00e9changes entre le chef du gouvernement Christophe Joseph Marie Dabir\u00e9 et le bureau de la Chambre du commerce et d\u2019industrie du Burkina Faso, le lundi 8 avril 2019, \u00e0 Ouagadougou.<\/strong><\/p>\n<p>Le bureau de la Chambre du commerce et d\u2019industrie du Burkina Faso (CCI-BF), conduit par son pr\u00e9sident, Mahamadi Savadogo, a rendu visite au Premier ministre, Christophe Joseph Marie Dabir\u00e9, le lundi 8 avril 2019, \u00e0 Ouagadougou. \u00abNous sommes venus f\u00e9liciter le Premier ministre pour sa nomination \u00e0 la t\u00eate du gouvernement. Nous avons \u00e9galement profit\u00e9 de l\u2019occasion pour lui soumettre quelques dol\u00e9ances que nous avons au niveau du secteur priv\u00e9\u00a0\u00bb, a indiqu\u00e9 le pr\u00e9sident Sawadogo, \u00e0 sa sortie d\u2019audience.<\/p>\n<p>Les pr\u00e9occupations expos\u00e9es au chef du gouvernement sont, entre autres, l\u2019am\u00e9lioration continue du climat des affaires et la prise d\u2019un certain nombre de textes r\u00e8glementaires pour un meilleur encadrement du secteur du commerce et de l\u2019industrie, y compris la facilitation des \u00e9changes \u00e9conomiques avec la Chine. \u00ab\u00a0Nous venons de reprendre nos relations avec la Chine. Il y a un certain nombre de textes \u00e0 prendre pour nous permettre d\u2019exercer librement le commerce entre le Burkina Faso et la Chine, \u00e0 travers notamment des certificats de reconnaissance de nos produits d\u2019exportation (les produits de crue et autres) vers ce pays\u00a0\u00bb, a-t-il pr\u00e9cis\u00e9.<\/p>\n<p>A toutes ces pr\u00e9occupations du monde des affaires, le chef du gouvernement a accord\u00e9 une oreille attentive, \u00e0 en croire le premier responsable de la CCI-BF. \u00abLe Chef du gouvernement a promis de nous revenir dans un bref d\u00e9lai pour que nous fassions un travail technique sur ces questions et prenions les d\u00e9cisions qu\u2019il faut\u00bb, a-t-il ajout\u00e9.<\/p>\n<p>La situation de \u00ab\u00a0l\u00e9thargie\u00a0\u00bb qui pr\u00e9vaut au minist\u00e8re de l\u2019Economie et des Finances a \u00e9t\u00e9 abord\u00e9e au cours du t\u00eate-\u00e0-t\u00eate. L\u00e0 encore, le bureau consulaire sort optimisme. \u00ab\u00a0Sur cette question aussi, le Premier ministre nous a rassur\u00e9 que son gouvernement travaille pour qu\u2019une meilleure solution soit trouv\u00e9e dans les jours \u00e0 venir\u00a0\u00bb, a fait savoir le chef de la d\u00e9l\u00e9gation de la chambre du commerce.<\/p>\n<p>Sur la question de l\u2019importation du riz de mauvaise qualit\u00e9, M. Savadogo a condamn\u00e9 les commer\u00e7ants qui s\u2019adonnent \u00e0 de telles op\u00e9rations. \u00abLes commer\u00e7ants qui importent des produits impropres \u00e0 la consommation peuvent \u00eatre qualifi\u00e9s de malfrats, car ils empoisonnent leurs propres familles, leurs personnels\u00a0\u00bb, a-t-il d\u00e9nonc\u00e9. En tout \u00e9tat de cause, la CCI-BF travaille en tandem avec les diff\u00e9rentes brigades pour r\u00e9primer de telles pratiques, a rassur\u00e9 le pr\u00e9sident Savadogo.<\/p>\n<p><strong>Mahamadi SEBOGO<\/strong><br \/><em>msebogo@yahoo.fr<\/em><\/p>\n<div class=\"td-a-rec td-a-rec-id-content_bottom td_uid_31_5cae63adea70f_rand td_block_template_1\"><img loading=\"lazy\" decoding=\"async\" class=\"alignright size-full wp-image-1724\" src=\"https:\/\/www.sidwaya.info\/wp-content\/uploads\/2018\/12\/sidwaya-pub.jpg\" alt=\"\" width=\"720\" height=\"90\"\/><\/div>\n<p>Auteur: DB. Sidwaya<br \/>\n<a href=\"https:\/\/www.sidwaya.info\/blog\/2019\/04\/09\/climat-des-affaires-les-preoccupations-du-secteur-prive-exposees-au-premier-ministre\/\">Cliquez ici pour lire l&rsquo;article depuis sa source.<\/a><\/p>\n","protected":false},"excerpt":{"rendered":"<p>Les pr\u00e9occupations du secteur priv\u00e9 burkinab\u00e8 \u00e9taient au centre des \u00e9changes entre le chef du gouvernement Christophe Joseph Marie Dabir\u00e9 et le bureau de la Chambre du commerce et d\u2019industrie du Burkina Faso, le lundi 8 avril 2019, \u00e0 Ouagadougou. Le bureau de la Chambre du commerce et d\u2019industrie du Burkina Faso (CCI-BF), conduit par [&hellip;]<\/p>\n","protected":false},"author":1816,"featured_media":0,"comment_status":"closed","ping_status":"closed","sticky":false,"template":"","format":"standard","meta":{"fifu_image_url":"","fifu_image_alt":"","footnotes":""},"categories":[73,81],"tags":[],"class_list":["post-27120","post","type-post","status-publish","format-standard","hentry","category-actualite","category-burkina-faso"],"_links":{"self":[{"href":"https:\/\/linitiative.ca\/International\/wp-json\/wp\/v2\/posts\/27120","targetHints":{"allow":["GET"]}}],"collection":[{"href":"https:\/\/linitiative.ca\/International\/wp-json\/wp\/v2\/posts"}],"about":[{"href":"https:\/\/linitiative.ca\/International\/wp-json\/wp\/v2\/types\/post"}],"author":[{"embeddable":true,"href":"https:\/\/linitiative.ca\/International\/wp-json\/wp\/v2\/users\/1816"}],"replies":[{"embeddable":true,"href":"https:\/\/linitiative.ca\/International\/wp-json\/wp\/v2\/comments?post=27120"}],"version-history":[{"count":0,"href":"https:\/\/linitiative.ca\/International\/wp-json\/wp\/v2\/posts\/27120\/revisions"}],"wp:attachment":[{"href":"https:\/\/linitiative.ca\/International\/wp-json\/wp\/v2\/media?parent=27120"}],"wp:term":[{"taxonomy":"category","embeddable":true,"href":"https:\/\/linitiative.ca\/International\/wp-json\/wp\/v2\/categories?post=27120"},{"taxonomy":"post_tag","embeddable":true,"href":"https:\/\/linitiative.ca\/International\/wp-json\/wp\/v2\/tags?post=27120"}],"curies":[{"name":"wp","href":"https:\/\/api.w.org\/{rel}","templated":true}]}}