{"id":27121,"date":"2019-04-09T18:38:50","date_gmt":"2019-04-09T22:38:50","guid":{"rendered":"https:\/\/linitiative.ca\/International\/turquie-le-coup-daccelerateur-du-president-kabore\/"},"modified":"2019-04-09T18:38:50","modified_gmt":"2019-04-09T22:38:50","slug":"turquie-le-coup-daccelerateur-du-president-kabore","status":"publish","type":"post","link":"https:\/\/linitiative.ca\/International\/turquie-le-coup-daccelerateur-du-president-kabore\/","title":{"rendered":"Turquie : Le coup d\u2019acc\u00e9l\u00e9rateur du pr\u00e9sident Kabor\u00e9"},"content":{"rendered":"<div class=\"td-post-featured-image\"><a href=\"https:\/\/i1.wp.com\/www.sidwaya.info\/wp-content\/uploads\/2019\/04\/Visite-Presi.jpg?fit=600%2C400&#038;ssl=1\" data-caption=\"\"><img loading=\"lazy\" decoding=\"async\" width=\"600\" height=\"400\" class=\"entry-thumb td-modal-image\" src=\"https:\/\/i1.wp.com\/www.sidwaya.info\/wp-content\/uploads\/2019\/04\/Visite-Presi.jpg?resize=600%2C400&#038;ssl=1\" srcset=\"https:\/\/i1.wp.com\/www.sidwaya.info\/wp-content\/uploads\/2019\/04\/Visite-Presi.jpg?w=600&#038;ssl=1 600w, https:\/\/i1.wp.com\/www.sidwaya.info\/wp-content\/uploads\/2019\/04\/Visite-Presi.jpg?resize=300%2C200&#038;ssl=1 300w\" sizes=\"auto, (max-width: 600px) 100vw, 600px\" alt=\"\" title=\"Visite-Presi\"\/><\/a><\/div>\n<div class=\"td-a-rec td-a-rec-id-content_top td_uid_30_5cae63b0ef710_rand td_block_template_1\"><img loading=\"lazy\" decoding=\"async\" class=\"aligncenter size-full wp-image-4463\" src=\"https:\/\/www.sidwaya.info\/wp-content\/uploads\/2019\/02\/FESPACO-TOUR-2019-Bannie%CC%80re-728x90-1.jpg\" alt=\"\" width=\"728\" height=\"90\"\/><\/div>\n<p><strong>Le pr\u00e9sident du Faso, Roch Marc Christian Kabor\u00e9 est arriv\u00e9 le mardi 9 avril 2019, dabs l\u2019apr\u00e8s-midi, \u00e0 Istanbul pour une visite d\u2019amiti\u00e9 et de travail de 72 heures en R\u00e9publique de Turquie.<\/strong><\/p>\n<p>Le chef de l\u2019Etat a \u00e9t\u00e9 accueilli \u00e0 sa descente d\u2019avion par les autorit\u00e9s turques et des repr\u00e9sentants de la communaut\u00e9 burkinab\u00e8 vivant en Turquie, \u00e0 l\u2019a\u00e9roport Atat\u00fcrk d\u2019Istanbul.<\/p>\n<p>Dans la capitale \u00e9conomique de la Turquie, Roch Marc Christian Kabor\u00e9 va pr\u00e9sider le forum \u00e9conomique sur les potentialit\u00e9s du Burkina Faso, et rencontrer la communaut\u00e9 burkinab\u00e8 de cette zone. On estime \u00e0 environ 500 personnes, les Burkinab\u00e8 \u00e9tablis sur l\u2019ensemble de la Turquie. Ils sont \u00e9tudiants, travailleurs dans des fabriques, agents de commerce\u2026<\/p>\n<p>Apr\u00e8s Istanbul, Roch Marc Christian Kabor\u00e9 rejoindra demain Ankara, la capitale, o\u00f9 il aura des entretiens en t\u00eate-\u00e0-t\u00eate avec le pr\u00e9sident de la Grande Assembl\u00e9e de Turquie, Mustafa Sentop, et son homologue, le pr\u00e9sident Recep Tayyip Erdogan.<\/p>\n<p><strong>Direction de la communication de la pr\u00e9sidence du Faso<\/strong><\/p>\n<div class=\"td-a-rec td-a-rec-id-content_bottom td_uid_31_5cae63b0ef94f_rand td_block_template_1\"><img loading=\"lazy\" decoding=\"async\" class=\"alignright size-full wp-image-1724\" src=\"https:\/\/www.sidwaya.info\/wp-content\/uploads\/2018\/12\/sidwaya-pub.jpg\" alt=\"\" width=\"720\" height=\"90\"\/><\/div>\n<p>Auteur: DB. Sidwaya<br \/>\n<a href=\"https:\/\/www.sidwaya.info\/blog\/2019\/04\/09\/cooperation-turquie-burkina-le-coup-daccelerateur-du-president-kabore\/\">Cliquez ici pour lire l&rsquo;article depuis sa source.<\/a><\/p>\n","protected":false},"excerpt":{"rendered":"<p>Le pr\u00e9sident du Faso, Roch Marc Christian Kabor\u00e9 est arriv\u00e9 le mardi 9 avril 2019, dabs l\u2019apr\u00e8s-midi, \u00e0 Istanbul pour une visite d\u2019amiti\u00e9 et de travail de 72 heures en R\u00e9publique de Turquie. Le chef de l\u2019Etat a \u00e9t\u00e9 accueilli \u00e0 sa descente d\u2019avion par les autorit\u00e9s turques et des repr\u00e9sentants de la communaut\u00e9 burkinab\u00e8 [&hellip;]<\/p>\n","protected":false},"author":1816,"featured_media":0,"comment_status":"closed","ping_status":"closed","sticky":false,"template":"","format":"standard","meta":{"fifu_image_url":"","fifu_image_alt":"","footnotes":""},"categories":[73,81],"tags":[],"class_list":["post-27121","post","type-post","status-publish","format-standard","hentry","category-actualite","category-burkina-faso"],"_links":{"self":[{"href":"https:\/\/linitiative.ca\/International\/wp-json\/wp\/v2\/posts\/27121","targetHints":{"allow":["GET"]}}],"collection":[{"href":"https:\/\/linitiative.ca\/International\/wp-json\/wp\/v2\/posts"}],"about":[{"href":"https:\/\/linitiative.ca\/International\/wp-json\/wp\/v2\/types\/post"}],"author":[{"embeddable":true,"href":"https:\/\/linitiative.ca\/International\/wp-json\/wp\/v2\/users\/1816"}],"replies":[{"embeddable":true,"href":"https:\/\/linitiative.ca\/International\/wp-json\/wp\/v2\/comments?post=27121"}],"version-history":[{"count":0,"href":"https:\/\/linitiative.ca\/International\/wp-json\/wp\/v2\/posts\/27121\/revisions"}],"wp:attachment":[{"href":"https:\/\/linitiative.ca\/International\/wp-json\/wp\/v2\/media?parent=27121"}],"wp:term":[{"taxonomy":"category","embeddable":true,"href":"https:\/\/linitiative.ca\/International\/wp-json\/wp\/v2\/categories?post=27121"},{"taxonomy":"post_tag","embeddable":true,"href":"https:\/\/linitiative.ca\/International\/wp-json\/wp\/v2\/tags?post=27121"}],"curies":[{"name":"wp","href":"https:\/\/api.w.org\/{rel}","templated":true}]}}