{"id":27155,"date":"2019-04-11T04:36:42","date_gmt":"2019-04-11T08:36:42","guid":{"rendered":"https:\/\/linitiative.ca\/International\/le-siam-2019-une-occasion-pour-decouvrir-les-dernieres-nouveautes-du-secteur-agricole\/"},"modified":"2019-04-11T04:36:42","modified_gmt":"2019-04-11T08:36:42","slug":"le-siam-2019-une-occasion-pour-decouvrir-les-dernieres-nouveautes-du-secteur-agricole","status":"publish","type":"post","link":"https:\/\/linitiative.ca\/International\/le-siam-2019-une-occasion-pour-decouvrir-les-dernieres-nouveautes-du-secteur-agricole\/","title":{"rendered":"Le SIAM-2019, une occasion pour d\u00e9couvrir les derni\u00e8res nouveaut\u00e9s du secteur agricole"},"content":{"rendered":"<p><img decoding=\"async\" class=\"post_layout_5_img\" src=\"http:\/\/aujourdhui.ma\/wp-content\/uploads\/2019\/04\/Akhennouch-SIAM.jpg?x29840\" alt=\"Le SIAM-2019, une occasion pour d\u00e9couvrir les derni\u00e8res nouveaut\u00e9s du secteur agricole\"\/><\/p>\n<p>La 14\u00e8me \u00e9dition du Salon international de l\u2019agriculture au Maroc (SIAM), dont l\u2019ouverture est pr\u00e9vue mardi prochain, sera l\u2019occasion de d\u00e9couvrir les derni\u00e8res nouveaut\u00e9s du secteur<span id=\"more-309077\"\/> et de d\u00e9battre de la probl\u00e9matique de l\u2019emploi dans le monde rural, a soulign\u00e9 le ministre de l\u2019agriculture, de la p\u00eache maritime, du d\u00e9veloppement rural et des eaux et for\u00eats, Aziz Akhannouch.<\/p>\n<p>\u00abTous les indices d\u00e9montrent que le Salon sera un succ\u00e8s au vu des bons pr\u00e9paratifs et des moyens mobilis\u00e9s dans le but d\u2019en faire une fen\u00eatre des r\u00e9cents progr\u00e8s technologiques et des meilleures pratiques aux niveaux national et international dans le secteur agricole\u00bb, a indiqu\u00e9 M. Akhannouch dans une d\u00e9claration \u00e0 la presse \u00e0 l\u2019issue d\u2019une visite, mardi, au site qui accueillera cette manifestation.<\/p>\n<p>Le ministre qui \u00e9tait accompagn\u00e9, notamment, du gouverneur de la pr\u00e9fecture de Mekn\u00e8s et du secr\u00e9taire g\u00e9n\u00e9ral du minist\u00e8re de l\u2019agriculture, a visit\u00e9 les diff\u00e9rentes structures du Salon, qui sera organis\u00e9 autour de dix p\u00f4les. Des explications lui ont \u00e9t\u00e9 pr\u00e9sent\u00e9es, \u00e0 cette occasion, sur le d\u00e9roulement des pr\u00e9paratifs pour cette grand-messe de l\u2019agriculture. \u00abNous nous attendons \u00e0 une grande affluence du public et des agriculteurs qui d\u00e9couvriront les nouvelles techniques et les modes d\u2019am\u00e9lioration des r\u00e9coltes\u00bb, a relev\u00e9 M. Akhannouch, faisant \u00e9tat de la participation de 1.500 exposants repr\u00e9sentant 60 pays et de 22 ministres \u00e9trangers, \u00e0 ce Salon qui accueille, cette ann\u00e9e, la Suisse comme invit\u00e9 d\u2019honneur.<\/p>\n<p>Et d\u2019ajouter que le SIAM-2019 sera l\u2019occasion de d\u00e9battre de plusieurs questions en lien avec l\u2019agriculture marocaine, notamment les moyens de promouvoir l\u2019emploi dans le monde rural, conform\u00e9ment aux Hautes orientations de SM le Roi Mohammed VI. Organis\u00e9 sous le Haut patronage de SM le Roi Mohammed VI, le Salon sera d\u00e9ploy\u00e9 sur une superficie de 185.000 m\u00b2 dont 95.000 m\u00b2 couverts.<\/p>\n<p>Le SIAM, qui compte parmi les plus grands \u00e9v\u00e9nements de l\u2019Afrique d\u00e9di\u00e9s \u00e0 l\u2019agriculture et aux acteurs du secteur agricole, va abriter 300 conf\u00e9rences sur les diff\u00e9rentes th\u00e9matiques li\u00e9es \u00e0 l\u2019actualit\u00e9 agricole, indiquent les organisateurs, ajoutant que les visiteurs du SIAM auront l\u2019occasion de d\u00e9couvrir des concours des diff\u00e9rentes races au p\u00f4le \u00c9levage, des animations Ring &#038; Show \u00e9questre ainsi que plusieurs autres animations.<\/p>\n<p>Le Grand Prix Hassan II pour l\u2019invention et la recherche dans le domaine agricole, une remise des prix \u00abmeilleure qualit\u00e9 des huiles d\u2019olives vierges extra\u00bb, ainsi que la c\u00e9r\u00e9monie du Grand prix national de la presse agricole et rurale seront organis\u00e9s comme chaque ann\u00e9e.<\/p>\n<p>La Suisse, l\u2019une des \u00e9conomies les plus comp\u00e9titives au monde, est accueillie pour la premi\u00e8re fois en tant qu\u2019invit\u00e9 d\u2019honneur au SIAM. Pr\u00e8s de la moiti\u00e9 du territoire suisse est exploit\u00e9 dans l\u2019agriculture, qui fournit \u00e0 son tour plus de la moiti\u00e9 des biens alimentaires consomm\u00e9s en Suisse.<\/p>\n<p>Ce pays, qui est \u00e9galement leader de la production agroalimentaire, accorde une grande importance \u00e0 la recherche et d\u00e9veloppement et y consacre chaque ann\u00e9e plus de 18,5 milliards de franc suisse CHF (pr\u00e8s de 180 milliards de dirhams), soit pr\u00e8s de 3% de son PIB.<\/p>\n<p>Auteur: ALM<br \/>\n<a href=\"http:\/\/aujourdhui.ma\/economie\/le-siam-2019-une-occasion-pour-decouvrir-les-dernieres-nouveautes-du-secteur-agricole\">Cliquez ici pour lire l&rsquo;article depuis sa source.<\/a><\/p>\n","protected":false},"excerpt":{"rendered":"<p>La 14\u00e8me \u00e9dition du Salon international de l\u2019agriculture au Maroc (SIAM), dont l\u2019ouverture est pr\u00e9vue mardi prochain, sera l\u2019occasion de d\u00e9couvrir les derni\u00e8res nouveaut\u00e9s du secteur et de d\u00e9battre de la probl\u00e9matique de l\u2019emploi dans le monde rural, a soulign\u00e9 le ministre de l\u2019agriculture, de la p\u00eache maritime, du d\u00e9veloppement rural et des eaux et [&hellip;]<\/p>\n","protected":false},"author":1759,"featured_media":0,"comment_status":"closed","ping_status":"closed","sticky":false,"template":"","format":"standard","meta":{"fifu_image_url":"","fifu_image_alt":"","footnotes":""},"categories":[73,54],"tags":[],"class_list":["post-27155","post","type-post","status-publish","format-standard","hentry","category-actualite","category-maroc"],"_links":{"self":[{"href":"https:\/\/linitiative.ca\/International\/wp-json\/wp\/v2\/posts\/27155","targetHints":{"allow":["GET"]}}],"collection":[{"href":"https:\/\/linitiative.ca\/International\/wp-json\/wp\/v2\/posts"}],"about":[{"href":"https:\/\/linitiative.ca\/International\/wp-json\/wp\/v2\/types\/post"}],"author":[{"embeddable":true,"href":"https:\/\/linitiative.ca\/International\/wp-json\/wp\/v2\/users\/1759"}],"replies":[{"embeddable":true,"href":"https:\/\/linitiative.ca\/International\/wp-json\/wp\/v2\/comments?post=27155"}],"version-history":[{"count":0,"href":"https:\/\/linitiative.ca\/International\/wp-json\/wp\/v2\/posts\/27155\/revisions"}],"wp:attachment":[{"href":"https:\/\/linitiative.ca\/International\/wp-json\/wp\/v2\/media?parent=27155"}],"wp:term":[{"taxonomy":"category","embeddable":true,"href":"https:\/\/linitiative.ca\/International\/wp-json\/wp\/v2\/categories?post=27155"},{"taxonomy":"post_tag","embeddable":true,"href":"https:\/\/linitiative.ca\/International\/wp-json\/wp\/v2\/tags?post=27155"}],"curies":[{"name":"wp","href":"https:\/\/api.w.org\/{rel}","templated":true}]}}