{"id":27158,"date":"2019-04-11T05:06:28","date_gmt":"2019-04-11T09:06:28","guid":{"rendered":"https:\/\/linitiative.ca\/International\/tour-international-cycliste-du-maroc-2019-sabbahi-el-arbaoui-et-choukri-brillent-lors-de-la-5e-etape\/"},"modified":"2019-04-11T05:06:28","modified_gmt":"2019-04-11T09:06:28","slug":"tour-international-cycliste-du-maroc-2019-sabbahi-el-arbaoui-et-choukri-brillent-lors-de-la-5e-etape","status":"publish","type":"post","link":"https:\/\/linitiative.ca\/International\/tour-international-cycliste-du-maroc-2019-sabbahi-el-arbaoui-et-choukri-brillent-lors-de-la-5e-etape\/","title":{"rendered":"Tour international cycliste du Maroc-2019 : Sabbahi, El Arbaoui et Choukri brillent lors de la 5\u00e8 \u00e8tape"},"content":{"rendered":"<p><img decoding=\"async\" class=\"post_layout_5_img\" src=\"http:\/\/aujourdhui.ma\/wp-content\/uploads\/2019\/04\/Sabbahi.jpg?x29840\" alt=\"Tour international cycliste du Maroc-2019 : Sabbahi, El Arbaoui et Choukri brillent lors de la 5\u00e8 \u00e8tape\"\/><\/p>\n<p>Dur de se frayer une des premi\u00e8res places dans une course cycliste. Mais les Marocains dont le niveau s\u2019est nettement am\u00e9lior\u00e9 lors de ces derni\u00e8res ann\u00e9es, ont aujourd\u2019hui leur mot \u00e0 dire.<span id=\"more-309086\"\/> Ainsi, Lahcen Sabbahi et Adil El Arbaoui se sont fait une place parmi les sept premiers coureurs ayant r\u00e9ussi \u00e0 franchir la ligne d\u2019arriv\u00e9e de la 5\u00e8 \u00e9tape du Tour international cycliste du Maroc-2019, alors que leur compatriote El Mehdi Choukri a accapar\u00e9 la deuxi\u00e8me place au classement g\u00e9n\u00e9ral des jeunes.<\/p>\n<p>Sabbahi et El Arbaoui ont boucl\u00e9 les 164,8 Km entre Nador et Oujda en 3h29min55sec, r\u00e9alisant le m\u00eame chrono du vainqueur de l\u2019\u00e9tape, le Fran\u00e7ais Theo Menant. Sabbahi est parvenu \u00e9galement \u00e0 franchir le deuxi\u00e8me point chaud (106 km) \u00e0 la premi\u00e8re position, alors qu\u2019il \u00e9tait le troisi\u00e8me \u00e0 franchir le deuxi\u00e8me point (64 km). Le m\u00eame Sabbahi a poursuivi sa belle prestation du jour, en s\u2019adjugeant le prix du meilleur grimpeur de l\u2019\u00e9tape avec 5 points.<br \/>Dans une d\u00e9claration \u00e0 la presse, Sabbahi a indiqu\u00e9 qu\u2019il fera de son mieux pour s\u2019am\u00e9liorer au fur et \u00e0 mesure des \u00e9tapes, en travaillant avec le reste de l\u2019\u00e9quipe, notamment sur la vitesse finale. \u00abCeci nous permettrait prochainement de remporter l\u2019une des \u00e9tapes restantes\u00bb, a-t-il souhait\u00e9.<br \/>Quant au vainqueur de cette \u00e9tape, c\u2019est le Fran\u00e7ais Theo Menant alors que le Belge Laurent Evrard a endoss\u00e9 le maillot jaune pour la troisi\u00e8me fois cons\u00e9cutive.<\/p>\n<p>Menant a fait savoir que l\u2019\u00e9tape \u00abd\u2019aujourd\u2019hui a pris un d\u00e9part tr\u00e8s rapide\u00bb, ajoutant que gr\u00e2ce au soutien de ses co\u00e9quipiers, il a r\u00e9ussi \u00e0 s\u2019en sortir comme il faut. Menant s\u2019est adjug\u00e9 cette \u00e9tape, en bouclant les 164,8 km entre Nador et Oujda en 3h29min55sec. Il a devanc\u00e9, au sprint, le Grec Tzortzakis Polychroniset et l\u2019Italien Bobbo Riccardo. Organis\u00e9 du 5 au 14 avril sous le Haut patronage de SM le Roi Mohammed VI, le TMC-2019 conna\u00eet la participation de 106 cyclistes et 18 \u00e9quipes repr\u00e9sentant notamment la Tunisie, l\u2019Alg\u00e9rie, l\u2019Afrique du Sud, la Norv\u00e8ge, la Turquie, l\u2019Italie, la France, l\u2019Espagne, les Pays-Bas, l\u2019Allemagne, la Su\u00e8de, la Hongrie, la Russie, la R\u00e9publique dominicaine et la Belgique. Les participants vont faire un parcours r\u00e9parti sur 10 \u00e9tapes, la 9\u00e8me \u00e9tant la plus longue (188.5 km reliant B\u00e9ni Mellal \u00e0 Marrakech). Le TMC est une comp\u00e9tition inscrite au calendrier de l\u2019UCI Africa Tour en cat\u00e9gorie 2.2. La premi\u00e8re \u00e9dition a pris le d\u00e9part en 1937 et fut remport\u00e9e par l\u2019Espagnol Mariano Canardo.<\/p>\n<p>Auteur: ALM<br \/>\n<a href=\"http:\/\/aujourdhui.ma\/une\/tour-international-cycliste-du-maroc-2019-sabbahi-el-arbaoui-et-choukri-brillent-lors-de-la-5e-etape\">Cliquez ici pour lire l&rsquo;article depuis sa source.<\/a><\/p>\n","protected":false},"excerpt":{"rendered":"<p>Dur de se frayer une des premi\u00e8res places dans une course cycliste. Mais les Marocains dont le niveau s\u2019est nettement am\u00e9lior\u00e9 lors de ces derni\u00e8res ann\u00e9es, ont aujourd\u2019hui leur mot \u00e0 dire. Ainsi, Lahcen Sabbahi et Adil El Arbaoui se sont fait une place parmi les sept premiers coureurs ayant r\u00e9ussi \u00e0 franchir la ligne [&hellip;]<\/p>\n","protected":false},"author":1759,"featured_media":0,"comment_status":"closed","ping_status":"closed","sticky":false,"template":"","format":"standard","meta":{"fifu_image_url":"","fifu_image_alt":"","footnotes":""},"categories":[73,54],"tags":[],"class_list":["post-27158","post","type-post","status-publish","format-standard","hentry","category-actualite","category-maroc"],"_links":{"self":[{"href":"https:\/\/linitiative.ca\/International\/wp-json\/wp\/v2\/posts\/27158","targetHints":{"allow":["GET"]}}],"collection":[{"href":"https:\/\/linitiative.ca\/International\/wp-json\/wp\/v2\/posts"}],"about":[{"href":"https:\/\/linitiative.ca\/International\/wp-json\/wp\/v2\/types\/post"}],"author":[{"embeddable":true,"href":"https:\/\/linitiative.ca\/International\/wp-json\/wp\/v2\/users\/1759"}],"replies":[{"embeddable":true,"href":"https:\/\/linitiative.ca\/International\/wp-json\/wp\/v2\/comments?post=27158"}],"version-history":[{"count":0,"href":"https:\/\/linitiative.ca\/International\/wp-json\/wp\/v2\/posts\/27158\/revisions"}],"wp:attachment":[{"href":"https:\/\/linitiative.ca\/International\/wp-json\/wp\/v2\/media?parent=27158"}],"wp:term":[{"taxonomy":"category","embeddable":true,"href":"https:\/\/linitiative.ca\/International\/wp-json\/wp\/v2\/categories?post=27158"},{"taxonomy":"post_tag","embeddable":true,"href":"https:\/\/linitiative.ca\/International\/wp-json\/wp\/v2\/tags?post=27158"}],"curies":[{"name":"wp","href":"https:\/\/api.w.org\/{rel}","templated":true}]}}