{"id":27159,"date":"2019-04-11T05:19:03","date_gmt":"2019-04-11T09:19:03","guid":{"rendered":"https:\/\/linitiative.ca\/International\/mawazine-flows-uniques-et-rythmes-eclectiques-seront-au-rendez-vous\/"},"modified":"2019-04-11T05:19:03","modified_gmt":"2019-04-11T09:19:03","slug":"mawazine-flows-uniques-et-rythmes-eclectiques-seront-au-rendez-vous","status":"publish","type":"post","link":"https:\/\/linitiative.ca\/International\/mawazine-flows-uniques-et-rythmes-eclectiques-seront-au-rendez-vous\/","title":{"rendered":"Mawazine : Flows uniques et rythmes \u00e9clectiques seront au rendez-vous"},"content":{"rendered":"<header>\n<\/header>\n<div class=\"entry-content clearfix\" readability=\"69\"><img decoding=\"async\" class=\"post_layout_5_img\" src=\"http:\/\/aujourdhui.ma\/wp-content\/uploads\/2019\/04\/Mawazine.jpg?x29840\" alt=\"Mawazine : Flows uniques et rythmes \u00e9clectiques seront au rendez-vous\"\/><\/p>\n<p>L\u2019Association Maroc-Cultures continue d\u2019annoncer les stars invit\u00e9es \u00e0 se produire \u00e0 la 18\u00e8me \u00e9dition du Festival Mawazine-Rythmes du Monde, pr\u00e9vue du 21 au 29 juin 2019.<span id=\"more-309089\"\/> Selon les organisateurs, le wek-end d\u2019ouverture sera marqu\u00e9 par la prestation de quatre figures internationales. Il s\u2019agit du ph\u00e9nom\u00e8ne de la musique espagnole Rosal\u00eda, la star incontest\u00e9e du reggaeton J Balvin, le rappeur au flow unique Lartiste et le plus prolifique de notre si\u00e8cle David Guetta. Issue du flamenco, Rosal\u00eda est consid\u00e9r\u00e9e comme l\u2019ic\u00f4ne espagnole du m\u00e9lange des genres. A seulement 25 ans et apr\u00e8s une premi\u00e8re collaboration avec la grande figure du trap C. Tangana, la jeune chanteuse reste attach\u00e9e \u00e0 ses racines flamenco tout en y ajoutant des sonorit\u00e9s plus urbaines.<\/p>\n<p>Ses titres \u00abMalamente\u00bb et \u00abPienso en tu mira\u00bb incarnent en effet cette volont\u00e9 de d\u00e9passer les fronti\u00e8res stylistiques et g\u00e9ographiques de l\u2019Espagne, tout en gardant une empreinte profond\u00e9ment latine. Apr\u00e8s 5 nominations au Grammy Latinos, elle assurera la 1\u00e8re partie sur la sc\u00e8ne de l\u2019OLM Souissi le vendredi 21 juin 2019. En seconde partie du concert d\u2019ouverture, J Balvin se produira \u00e9galement sur la m\u00eame sc\u00e8ne. Ce chanteur c prodige de la musique latine et du m\u00e9lange des styles a commenc\u00e9 sa carri\u00e8re en Colombie. Apr\u00e8s de nombreuses collaborations avec des stars internationales, cet artiste ne cesse de diversifier les styles tout en conservant une musicalit\u00e9 fortement empreinte des rythmes du reggaeton et de la musique latine. Apr\u00e8s avoir conquis l\u2019Europe et l\u2019Am\u00e9rique, J Balvin s\u2019attaque d\u00e9sormais au continent africain, et se produira au Maroc \u00e0 l\u2019occasion de Mawazine. La premi\u00e8re partie de la soir\u00e9e du samedi 22 juin 2019 sera consacr\u00e9 \u00e0 Lartiste. C\u2019est un auteur-compositeur-interpr\u00e8te n\u00e9 au Maroc.<\/p>\n<p>Son style pluriel se situe entre le rap, le RnB, le ra\u00ef et le dancehall, ce qui lui permet de proposer une musique toujours plus originale et novatrice. Apr\u00e8s 7 albums et plus de 15 ans de carri\u00e8re, David Guetta sera sur la sc\u00e8ne de l\u2019OLM Souissi en seconde partie de soir\u00e9e. Superstar de la musique \u00e9lectronique et premier producteur de house de France, le DJ pr\u00e9f\u00e9r\u00e9 de la Jet Set a collabor\u00e9 avec les plus grandes figures de la musique actuelle telles que Joaquim Garraud, Kelly Rolland, et plus r\u00e9cemment Nicki Minaj. Apr\u00e8s avoir rafl\u00e9 un nombre incalculable de prix aux NRJ Music Awards et r\u00e9alis\u00e9 l\u2019hymne officiel de l\u2019Euro 2016 de football avec Zara Larsson, son 7\u00e8me album rassemble de nouveaux featurings toujours aussi rythm\u00e9s, notamment avec Sia, Justin Bieber, J Balvin ou encore Bebe Rexha. Flows uniques et rythmes \u00e9clectiques seront donc au rendez-vous les 21 et 22 juin 2019, pour c\u00e9l\u00e9brer la f\u00eate de la musique et offrir un week-end tr\u00e8s rythm\u00e9 pour la 18\u00e8me \u00e9dition du Festival Mawazine-Rythmes du Monde.<\/p>\n<\/div>\n<p>Auteur: ALM<br \/>\n<a href=\"http:\/\/aujourdhui.ma\/culture\/musique\/mawazine-flows-uniques-et-rythmes-eclectiques-seront-au-rendez-vous\">Cliquez ici pour lire l&rsquo;article depuis sa source.<\/a><\/p>\n","protected":false},"excerpt":{"rendered":"<p>L\u2019Association Maroc-Cultures continue d\u2019annoncer les stars invit\u00e9es \u00e0 se produire \u00e0 la 18\u00e8me \u00e9dition du Festival Mawazine-Rythmes du Monde, pr\u00e9vue du 21 au 29 juin 2019. Selon les organisateurs, le wek-end d\u2019ouverture sera marqu\u00e9 par la prestation de quatre figures internationales. Il s\u2019agit du ph\u00e9nom\u00e8ne de la musique espagnole Rosal\u00eda, la star incontest\u00e9e du reggaeton [&hellip;]<\/p>\n","protected":false},"author":1759,"featured_media":0,"comment_status":"closed","ping_status":"closed","sticky":false,"template":"","format":"standard","meta":{"fifu_image_url":"","fifu_image_alt":"","footnotes":""},"categories":[73,54],"tags":[],"class_list":["post-27159","post","type-post","status-publish","format-standard","hentry","category-actualite","category-maroc"],"_links":{"self":[{"href":"https:\/\/linitiative.ca\/International\/wp-json\/wp\/v2\/posts\/27159","targetHints":{"allow":["GET"]}}],"collection":[{"href":"https:\/\/linitiative.ca\/International\/wp-json\/wp\/v2\/posts"}],"about":[{"href":"https:\/\/linitiative.ca\/International\/wp-json\/wp\/v2\/types\/post"}],"author":[{"embeddable":true,"href":"https:\/\/linitiative.ca\/International\/wp-json\/wp\/v2\/users\/1759"}],"replies":[{"embeddable":true,"href":"https:\/\/linitiative.ca\/International\/wp-json\/wp\/v2\/comments?post=27159"}],"version-history":[{"count":0,"href":"https:\/\/linitiative.ca\/International\/wp-json\/wp\/v2\/posts\/27159\/revisions"}],"wp:attachment":[{"href":"https:\/\/linitiative.ca\/International\/wp-json\/wp\/v2\/media?parent=27159"}],"wp:term":[{"taxonomy":"category","embeddable":true,"href":"https:\/\/linitiative.ca\/International\/wp-json\/wp\/v2\/categories?post=27159"},{"taxonomy":"post_tag","embeddable":true,"href":"https:\/\/linitiative.ca\/International\/wp-json\/wp\/v2\/tags?post=27159"}],"curies":[{"name":"wp","href":"https:\/\/api.w.org\/{rel}","templated":true}]}}