{"id":27160,"date":"2019-04-11T05:21:09","date_gmt":"2019-04-11T09:21:09","guid":{"rendered":"https:\/\/linitiative.ca\/International\/une-vingt-troisieme-edition-dediee-a-laventure\/"},"modified":"2019-04-11T05:21:09","modified_gmt":"2019-04-11T09:21:09","slug":"une-vingt-troisieme-edition-dediee-a-laventure","status":"publish","type":"post","link":"https:\/\/linitiative.ca\/International\/une-vingt-troisieme-edition-dediee-a-laventure\/","title":{"rendered":"Une vingt-troisi\u00e8me \u00e9dition d\u00e9di\u00e9e \u00e0 l\u2019aventure"},"content":{"rendered":"<p><img decoding=\"async\" class=\"post_layout_5_img\" src=\"http:\/\/aujourdhui.ma\/wp-content\/uploads\/2018\/03\/Jerome-Migayrou.jpg?x29840\" alt=\"Une vingt-troisi\u00e8me \u00e9dition d\u00e9di\u00e9e \u00e0 l\u2019aventure\"\/><\/p>\n<p>La litt\u00e9rature et les arts seront en f\u00eate dans la ville du d\u00e9troit. C\u2019est \u00e0 l\u2019occasion du vingt-troisi\u00e8me Printemps du livre et des arts de Tanger<span id=\"more-309092\"\/>, dont les travaux se d\u00e9rouleront du 18 au 21 avril dans le cadre de la saison culturelle France-Maroc 2019. Une pl\u00e9iade d\u2019\u00e9crivains, sociologues, historiens, philosophes et artistes y est invit\u00e9e pour partager leur regard autour du th\u00e8me \u00abL\u2019aventure\u00bb. Fid\u00e8le \u00e0 son esprit, \u00able Printemps du livre sera le lieu de rencontres et d\u2019\u00e9changes se d\u00e9ployant non seulement dans le champ de la litt\u00e9rature, mais aussi dans d\u2019autres formes d\u2019expression tels que la musique, les arts plastiques et le cin\u00e9ma\u00bb, selon le comit\u00e9 organisationnel de ce rendez-vous litt\u00e9raire et artistique.<\/p>\n<p>Organis\u00e9e par l\u2019Institut fran\u00e7ais de Tanger (IFT) en partenariat avec l\u2019Association Tanger-R\u00e9gion action culturelle (Atrac), les activit\u00e9s de cette vingt-troisi\u00e8me \u00e9dition se d\u00e9rouleront dans le prestigieux Palais des institutions italiennes (plus connu des Tang\u00e9rois par Ksar Moulay Hafid), mais aussi dans des galeries d\u2019art contemporain et des \u00e9tablissements scolaires.<\/p>\n<p><strong>Un programme riche pour enfants et adultes<\/strong><br \/>Seront \u00e9galement pr\u00e9sents \u00e0 cet \u00e9v\u00e9nement des libraires, des \u00e9diteurs et des associations culturelles pour discuter avec le public de leur traditionnelle exposition des livres et des objets d\u2019art au Palais des institutions italiennes. Au menu de cette vingt-troisi\u00e8me \u00e9dition, figurent, au grand plaisir du public jeune et adulte, des tables rondes, des spectacles et des ateliers. \u00abDe grands rendez-vous seront \u00e9galement programm\u00e9s en soir\u00e9es avec les conf\u00e9rences du psychanalyste Roland Gori et de l\u2019\u00e9crivain Fouad Laroui\u00bb, souligne la m\u00eame source.<br \/>Cet \u00e9v\u00e9nement pr\u00e9voit, comme chaque ann\u00e9e, de nombreuses activit\u00e9s pour enfants dont des spectacles, des contes et des ateliers d\u2019\u00e9criture. \u00abLe Groupe Formula Laser proposera des ateliers ludiques et artistiques de construction de voitures et d\u2019avion en carton. Le patio jeunesse se transformera ainsi en circuit automobile loufoque pour les plus jeunes\u00bb, ajoute-t-on.<\/p>\n<p><strong>Des soir\u00e9es tr\u00e8s anim\u00e9es pour la m\u00eame occasion<\/strong><br \/>Cette vingt-troisi\u00e8me \u00e9dition pr\u00e9voit de mettre \u00e0 l\u2019honneur les arts vivants et visuels \u00e0 travers ses expositions, dont celle de Richard Baqui\u00e9, qui permettra au public de d\u00e9couvrir quatorze lieux tang\u00e9rois d\u00e9di\u00e9s \u00e0 la cr\u00e9ation contemporaine. Il en sera de m\u00eame pour le septi\u00e8me art avec une nouvelle Nuit du cin\u00e9ma et des films destin\u00e9s aux jeunes et aux adultes. Parmi lesquels, figurent \u00abPierrot le fou\u00bb et \u00abL\u2019aventure c\u2019est l\u2019aventure\u00bb. Et ce n\u2019est pas tout, le public sera \u00e9galement au rendez-vous avec l\u2019Orchestre national de Barb\u00e8s qui promet de mettre le feu aux poudres avec une musique hors fronti\u00e8res et entre ra\u00ef, jazz, funk et chants traditionnels.<\/p>\n<p>Auteur: Najat Fa\u00efssal<br \/>\n<a href=\"http:\/\/aujourdhui.ma\/culture\/une-vingt-troisieme-edition-dediee-a-laventure\">Cliquez ici pour lire l&rsquo;article depuis sa source.<\/a><\/p>\n","protected":false},"excerpt":{"rendered":"<p>La litt\u00e9rature et les arts seront en f\u00eate dans la ville du d\u00e9troit. C\u2019est \u00e0 l\u2019occasion du vingt-troisi\u00e8me Printemps du livre et des arts de Tanger, dont les travaux se d\u00e9rouleront du 18 au 21 avril dans le cadre de la saison culturelle France-Maroc 2019. Une pl\u00e9iade d\u2019\u00e9crivains, sociologues, historiens, philosophes et artistes y est [&hellip;]<\/p>\n","protected":false},"author":1759,"featured_media":0,"comment_status":"closed","ping_status":"closed","sticky":false,"template":"","format":"standard","meta":{"fifu_image_url":"","fifu_image_alt":"","footnotes":""},"categories":[73,54],"tags":[],"class_list":["post-27160","post","type-post","status-publish","format-standard","hentry","category-actualite","category-maroc"],"_links":{"self":[{"href":"https:\/\/linitiative.ca\/International\/wp-json\/wp\/v2\/posts\/27160","targetHints":{"allow":["GET"]}}],"collection":[{"href":"https:\/\/linitiative.ca\/International\/wp-json\/wp\/v2\/posts"}],"about":[{"href":"https:\/\/linitiative.ca\/International\/wp-json\/wp\/v2\/types\/post"}],"author":[{"embeddable":true,"href":"https:\/\/linitiative.ca\/International\/wp-json\/wp\/v2\/users\/1759"}],"replies":[{"embeddable":true,"href":"https:\/\/linitiative.ca\/International\/wp-json\/wp\/v2\/comments?post=27160"}],"version-history":[{"count":0,"href":"https:\/\/linitiative.ca\/International\/wp-json\/wp\/v2\/posts\/27160\/revisions"}],"wp:attachment":[{"href":"https:\/\/linitiative.ca\/International\/wp-json\/wp\/v2\/media?parent=27160"}],"wp:term":[{"taxonomy":"category","embeddable":true,"href":"https:\/\/linitiative.ca\/International\/wp-json\/wp\/v2\/categories?post=27160"},{"taxonomy":"post_tag","embeddable":true,"href":"https:\/\/linitiative.ca\/International\/wp-json\/wp\/v2\/tags?post=27160"}],"curies":[{"name":"wp","href":"https:\/\/api.w.org\/{rel}","templated":true}]}}