{"id":27161,"date":"2019-04-11T05:37:48","date_gmt":"2019-04-11T09:37:48","guid":{"rendered":"https:\/\/linitiative.ca\/International\/elle-rassemble-42-chefs-doeuvre-impressionnistes-signes-de-grands-noms\/"},"modified":"2019-04-11T05:37:48","modified_gmt":"2019-04-11T09:37:48","slug":"elle-rassemble-42-chefs-doeuvre-impressionnistes-signes-de-grands-noms","status":"publish","type":"post","link":"https:\/\/linitiative.ca\/International\/elle-rassemble-42-chefs-doeuvre-impressionnistes-signes-de-grands-noms\/","title":{"rendered":"Elle rassemble 42 chefs-d\u2019\u0153uvre impressionnistes sign\u00e9s de grands noms"},"content":{"rendered":"<p><img decoding=\"async\" class=\"post_layout_5_img\" src=\"http:\/\/aujourdhui.ma\/wp-content\/uploads\/2019\/04\/Musee-Mohammed-VI.jpg?x29840\" alt=\"Elle rassemble 42 chefs-d\u2019\u0153uvre impressionnistes sign\u00e9s de grands noms\"\/><\/p>\n<p>Le Mus\u00e9e Mohammed VI d\u2019art moderne et contemporain (MMVI) de Rabat en plein \u00e9bullition. Apr\u00e8s deux expositions annonc\u00e9es r\u00e9cemment, il accueille cette fois-ci une grande exposition d\u00e9di\u00e9e aux impressionnistes. <span id=\"more-309094\"\/><br \/>Inaugur\u00e9e mardi, cette exposition qui se d\u00e9roulera jusqu\u2019au 31 ao\u00fbt rassemble 42 chefs-d\u2019\u0153uvre impressionnistes sign\u00e9s de grands noms comme Monet, C\u00e9zanne ou Renoir, exceptionnellement pr\u00eat\u00e9s par le Mus\u00e9e d\u2019Orsay \u00e0 Paris. \u00abLes couleurs de l\u2019impressionnisme: chefs-d\u2019\u0153uvre du mus\u00e9e d\u2019Orsay\u00bb est une splendide s\u00e9lection de chefs-d\u2019\u0153uvre impressionnistes issus des collections de cet illustre \u00e9tablissement. \u00abL\u2019exposition permet de mieux appr\u00e9cier la relation intime qu\u2019entretenaient avec le Maroc les artistes europ\u00e9ens de la fin du 18\u00e8me si\u00e8cle install\u00e9s en France.<\/p>\n<p>Le th\u00e8me s\u2019est impos\u00e9 \u00e0 nous comme une \u00e9vidence, du fait de l\u2019histoire commune entre le Maroc, terre exotique dans l\u2019imaginaire europ\u00e9en, et la France, asile des artistes europ\u00e9ens en qu\u00eate de nouvelles inspirations pour nourrir leurs univers cr\u00e9atifs\u00bb, indique \u00e0 ce sujet Mehdi Qotbi, pr\u00e9sident de laFondation nationale des mus\u00e9es. Plac\u00e9e sous le Haut patronage de Sa Majest\u00e9 le Roi, et de Emmanuel Macron, pr\u00e9sident de la R\u00e9publique Fran\u00e7aise, cette exposition est la premi\u00e8re organis\u00e9e au Maroc sur ce mouvement majeur de l\u2019histoire de l\u2019art. \u00abPremi\u00e8re exposition du mus\u00e9e d\u2019Orsay sur le continent africain, et premi\u00e8re exposition impressionniste \u00e0 traverser les rives de la M\u00e9diterran\u00e9e, Les couleurs de l\u2019impressionnisme, chefs-d\u2019\u0153uvre des collections du mus\u00e9e d\u2019Orsay est une entreprise pionni\u00e8re \u00e0 plus d\u2019un titre. La pr\u00e9sente se propose de revenir sur un th\u00e8me rarement explor\u00e9 dans le champ d\u2019\u00e9tude de l\u2019impressionnisme: la couleur\u00bb, explique Laurence des Cars , pr\u00e9sidente du mus\u00e9e d\u2019Orsay et de l\u2019Orangerie. Il faut dire que l\u2019\u00e9pop\u00e9e impressionniste a souvent \u00e9t\u00e9 r\u00e9sum\u00e9e \u00e0 une conqu\u00eate de la lumi\u00e8re en peinture par une g\u00e9n\u00e9ration d\u2019artistes las de l\u2019obscurit\u00e9 de l\u2019atelier et des sombres sujets historiques traditionnels.<\/p>\n<p>Pourtant, les composantes de cette lumi\u00e8re, c\u2019est-\u00e0-dire les couleurs \u00e0 la disposition du peintre et leur emploi, n\u2019ont pas re\u00e7u l\u2019attention qu\u2019elles m\u00e9ritent. Les impressionnistes, au fil de leurs recherches, vont d\u00e9velopper une science toute particuli\u00e8re de la couleur, r\u00e9sultat d\u2019exp\u00e9rimentations sur le motif ou dans l\u2019atelier, mais aussi fruit d\u2019une connaissance intime des ma\u00eetres de la tradition \u00abcoloriste\u00bb et de certaines th\u00e9ories scientifiques de l\u2019\u00e9poque.<br \/>A travers une suite de salles traitant chacune d\u2019une couleur en particulier, l\u2019exposition tente de montrer comment l\u2019\u00e9claircissement de la palette, le travail sur la vibration lumineuse, a non seulement \u00e9t\u00e9 un enjeu de la premi\u00e8re heure pour les impressionnistes, mais aussi comment ces recherches ont \u00e9volu\u00e9 dans le temps, au fil des carri\u00e8res et des interrogations propres \u00e0 chaque artiste. Une chronologie chromatique se dessine, et la couleur impressionniste appara\u00eet moins comme le r\u00e9sultat d\u2019une \u00abimpression na\u00efve\u00bb (selon les mots de Claude Monet \u00e0 Lilla Cabot Perry) que comme le fruit de choix, d\u2019intentions vari\u00e9es.<\/p>\n<p>SJ<\/p>\n<p>Auteur: ALM<br \/>\n<a href=\"http:\/\/aujourdhui.ma\/culture\/elle-rassemble-42-chefs-doeuvre-impressionnistes-signes-de-grands-noms\">Cliquez ici pour lire l&rsquo;article depuis sa source.<\/a><\/p>\n","protected":false},"excerpt":{"rendered":"<p>Le Mus\u00e9e Mohammed VI d\u2019art moderne et contemporain (MMVI) de Rabat en plein \u00e9bullition. Apr\u00e8s deux expositions annonc\u00e9es r\u00e9cemment, il accueille cette fois-ci une grande exposition d\u00e9di\u00e9e aux impressionnistes. Inaugur\u00e9e mardi, cette exposition qui se d\u00e9roulera jusqu\u2019au 31 ao\u00fbt rassemble 42 chefs-d\u2019\u0153uvre impressionnistes sign\u00e9s de grands noms comme Monet, C\u00e9zanne ou Renoir, exceptionnellement pr\u00eat\u00e9s par [&hellip;]<\/p>\n","protected":false},"author":1759,"featured_media":0,"comment_status":"closed","ping_status":"closed","sticky":false,"template":"","format":"standard","meta":{"fifu_image_url":"","fifu_image_alt":"","footnotes":""},"categories":[73,54],"tags":[],"class_list":["post-27161","post","type-post","status-publish","format-standard","hentry","category-actualite","category-maroc"],"_links":{"self":[{"href":"https:\/\/linitiative.ca\/International\/wp-json\/wp\/v2\/posts\/27161","targetHints":{"allow":["GET"]}}],"collection":[{"href":"https:\/\/linitiative.ca\/International\/wp-json\/wp\/v2\/posts"}],"about":[{"href":"https:\/\/linitiative.ca\/International\/wp-json\/wp\/v2\/types\/post"}],"author":[{"embeddable":true,"href":"https:\/\/linitiative.ca\/International\/wp-json\/wp\/v2\/users\/1759"}],"replies":[{"embeddable":true,"href":"https:\/\/linitiative.ca\/International\/wp-json\/wp\/v2\/comments?post=27161"}],"version-history":[{"count":0,"href":"https:\/\/linitiative.ca\/International\/wp-json\/wp\/v2\/posts\/27161\/revisions"}],"wp:attachment":[{"href":"https:\/\/linitiative.ca\/International\/wp-json\/wp\/v2\/media?parent=27161"}],"wp:term":[{"taxonomy":"category","embeddable":true,"href":"https:\/\/linitiative.ca\/International\/wp-json\/wp\/v2\/categories?post=27161"},{"taxonomy":"post_tag","embeddable":true,"href":"https:\/\/linitiative.ca\/International\/wp-json\/wp\/v2\/tags?post=27161"}],"curies":[{"name":"wp","href":"https:\/\/api.w.org\/{rel}","templated":true}]}}