{"id":27162,"date":"2019-04-11T05:39:48","date_gmt":"2019-04-11T09:39:48","guid":{"rendered":"https:\/\/linitiative.ca\/International\/kelaat-mgouna-le-57e-salon-international-de-la-rose-a-parfum-du-25-au-28-avril\/"},"modified":"2019-04-11T05:39:48","modified_gmt":"2019-04-11T09:39:48","slug":"kelaat-mgouna-le-57e-salon-international-de-la-rose-a-parfum-du-25-au-28-avril","status":"publish","type":"post","link":"https:\/\/linitiative.ca\/International\/kelaat-mgouna-le-57e-salon-international-de-la-rose-a-parfum-du-25-au-28-avril\/","title":{"rendered":"Kel\u00e2at Mgouna : Le 57\u00e8 Salon international de la rose \u00e0 parfum du 25 au 28 avril"},"content":{"rendered":"<header>\n<\/header>\n<div class=\"entry-content clearfix\" readability=\"60\"><img decoding=\"async\" class=\"post_layout_5_img\" src=\"http:\/\/aujourdhui.ma\/wp-content\/uploads\/2019\/04\/Kelaat-Mgouna.jpg?x29840\" alt=\"Kel\u00e2at Mgouna : Le 57\u00e8 Salon international de la rose \u00e0 parfum du 25 au 28 avril\"\/><\/p>\n<p>La 57\u00e8 \u00e9dition du Salon international de la rose \u00e0 parfum se tiendra du 25 au 28 avril \u00e0 Kel\u00e2at Mgouna, dans la province de Tinghir, sous le th\u00e8me \u00abLa rose \u00e0 parfum, un puissant levier pour l\u2019emploi et la dynamique \u00e9conomique locale\u00bb.<span id=\"more-309097\"\/><br \/>Le programme de cette \u00e9dition pr\u00e9voit une s\u00e9rie d\u2019activit\u00e9s en rapport avec le patrimoine culturel et les potentialit\u00e9s naturelles, agricoles et touristiques dont regorge la r\u00e9gion, et qui contribuent \u00e0 la valorisation des produits du terroir, y compris la fili\u00e8re de la rose \u00e0 parfum, \u00e0 travers la mobilisation des ressources humaines et mat\u00e9rielles pour la promotion de ce produit, indique un communiqu\u00e9 des organisateurs.<\/p>\n<p>Et d\u2019ajouter que l\u2019ordre du jour de cet \u00e9v\u00e9nement comprend \u00e9galement l\u2019organisation de conf\u00e9rences et tables rondes encadr\u00e9es par des chercheurs, acad\u00e9miciens et des experts autour de divers sujets inh\u00e9rents aux perspectives de d\u00e9veloppement de la fili\u00e8re de la rose \u00e0 parfum.<\/p>\n<p>Des sessions de formation sur les produits du terroir seront organis\u00e9es par la m\u00eame occasion au profit des agriculteurs et des coop\u00e9ratives participant au Salon en vue de cr\u00e9er une dynamique \u00e9conomique dont pourraient tirer profit les acteurs de cette fili\u00e8re, en valorisant leurs produits et en pr\u00e9servant le cachet traditionnel authentique.<\/p>\n<p>Cette manifestation vise \u00e0 mettre en lumi\u00e8re les potentialit\u00e9s dont dispose la r\u00e9gion, renforcer le r\u00f4le des acteurs de la fili\u00e8re de la rose, commercialiser les produits des petits producteurs et \u00e0 promouvoir les \u00e9changes et partenariats entre les parties prenantes.<\/p>\n<\/div>\n<p>Auteur: ALM<br \/>\n<a href=\"http:\/\/aujourdhui.ma\/actualite\/kelaat-mgouna-le-57e-salon-international-de-la-rose-a-parfum-du-25-au-28-avril\">Cliquez ici pour lire l&rsquo;article depuis sa source.<\/a><\/p>\n","protected":false},"excerpt":{"rendered":"<p>La 57\u00e8 \u00e9dition du Salon international de la rose \u00e0 parfum se tiendra du 25 au 28 avril \u00e0 Kel\u00e2at Mgouna, dans la province de Tinghir, sous le th\u00e8me \u00abLa rose \u00e0 parfum, un puissant levier pour l\u2019emploi et la dynamique \u00e9conomique locale\u00bb.Le programme de cette \u00e9dition pr\u00e9voit une s\u00e9rie d\u2019activit\u00e9s en rapport avec le [&hellip;]<\/p>\n","protected":false},"author":1759,"featured_media":0,"comment_status":"closed","ping_status":"closed","sticky":false,"template":"","format":"standard","meta":{"fifu_image_url":"","fifu_image_alt":"","footnotes":""},"categories":[73,54],"tags":[],"class_list":["post-27162","post","type-post","status-publish","format-standard","hentry","category-actualite","category-maroc"],"_links":{"self":[{"href":"https:\/\/linitiative.ca\/International\/wp-json\/wp\/v2\/posts\/27162","targetHints":{"allow":["GET"]}}],"collection":[{"href":"https:\/\/linitiative.ca\/International\/wp-json\/wp\/v2\/posts"}],"about":[{"href":"https:\/\/linitiative.ca\/International\/wp-json\/wp\/v2\/types\/post"}],"author":[{"embeddable":true,"href":"https:\/\/linitiative.ca\/International\/wp-json\/wp\/v2\/users\/1759"}],"replies":[{"embeddable":true,"href":"https:\/\/linitiative.ca\/International\/wp-json\/wp\/v2\/comments?post=27162"}],"version-history":[{"count":0,"href":"https:\/\/linitiative.ca\/International\/wp-json\/wp\/v2\/posts\/27162\/revisions"}],"wp:attachment":[{"href":"https:\/\/linitiative.ca\/International\/wp-json\/wp\/v2\/media?parent=27162"}],"wp:term":[{"taxonomy":"category","embeddable":true,"href":"https:\/\/linitiative.ca\/International\/wp-json\/wp\/v2\/categories?post=27162"},{"taxonomy":"post_tag","embeddable":true,"href":"https:\/\/linitiative.ca\/International\/wp-json\/wp\/v2\/tags?post=27162"}],"curies":[{"name":"wp","href":"https:\/\/api.w.org\/{rel}","templated":true}]}}