{"id":27163,"date":"2019-04-11T05:42:59","date_gmt":"2019-04-11T09:42:59","guid":{"rendered":"https:\/\/linitiative.ca\/International\/rabat-un-septuagenaire-abuse-de-sa-fille-durant-8-ans\/"},"modified":"2019-04-11T05:42:59","modified_gmt":"2019-04-11T09:42:59","slug":"rabat-un-septuagenaire-abuse-de-sa-fille-durant-8-ans","status":"publish","type":"post","link":"https:\/\/linitiative.ca\/International\/rabat-un-septuagenaire-abuse-de-sa-fille-durant-8-ans\/","title":{"rendered":"Rabat : Un septuag\u00e9naire abuse  de sa fille durant 8 ans"},"content":{"rendered":"<p><img decoding=\"async\" class=\"post_layout_5_img\" src=\"http:\/\/aujourdhui.ma\/wp-content\/uploads\/2019\/03\/Viol.jpg?x29840\" alt=\"Rabat : Un septuag\u00e9naire abuse de sa fille durant 8 ans\"\/><\/p>\n<p>Un p\u00e8re de famille, \u00e2g\u00e9 de soixante-dix-sept ans, a \u00e9t\u00e9 arr\u00eat\u00e9, mercredi matin, par les \u00e9l\u00e9ments de la police judiciaire relevant de la pr\u00e9fecture de la s\u00fbret\u00e9 de Rabat, pour avoir abus\u00e9 de sa fille, \u00e2g\u00e9e de vingt-deux ans, durant huit ans. <span id=\"more-309100\"\/><\/p>\n<p>La jeune fille qui a fugu\u00e9 de chez elle, au quartier Annahda, \u00e0 Rabat, depuis trois mois, a fini par t\u00e9l\u00e9phoner \u00e0 Najia Adib, pr\u00e9sidente de l\u2019association : \u00abTouche pas \u00e0 mes enfants\u00bb : cette derni\u00e8re n\u2019a pas perdu le temps pour l\u2019accueillir. \u00abMon p\u00e8re m\u2019a d\u00e9flor\u00e9e d\u00e8s la premi\u00e8re fois qu\u2019il a abus\u00e9 de moi\u00bb, nous a confi\u00e9 la victime, A\u00efcha, qui a d\u00e9cid\u00e9 enfin de briser son silence qui a dur\u00e9 huit ans.<\/p>\n<p>Elle a tout racont\u00e9 \u00e0 la pr\u00e9sidente de l\u2019association \u00abTouche pas \u00e0 mes enfants\u00bb pour que cette derni\u00e8re l\u2019a conduite, mardi 9 avril, vers la Cour d\u2019Aappel de Rabat afin de porter plainte aupr\u00e8s du procureur du Roi. Ce dernier a donn\u00e9 ses instructions pour diligenter une enqu\u00eate minutieuse. Interrog\u00e9e, la victime, A\u00efcha, a affirm\u00e9 aux enqu\u00eateurs que son p\u00e8re lui a donn\u00e9, la premi\u00e8re fois, quand il l\u2019a d\u00e9flor\u00e9e, un billet de 100 DH avant qu\u2019il continu\u00e9e \u00e0 abuser d\u2019elle presque quotidiennement.<\/p>\n<p>\u00abMa m\u00e8re, ma s\u0153ur, mes deux fr\u00e8res, mes tantes et mes oncles sont tous au courant de ce que j\u2019\u00e9prouve depuis longtemps sans que personne n\u2019intervient pour me sauver de ce calvaire quotidien\u00bb, nous a expliqu\u00e9 A\u00efcha qui a pr\u00e9cis\u00e9 que son fr\u00e8re, qui est actuellement en train de purger une peine d\u2019emprisonnement pour trafic de drogue, la tabassait \u00e0 chaque fois qu\u2019elle s\u2019est abstenue de c\u00e9der \u00e0 leur p\u00e8re.<\/p>\n<p>Auteur: Abderrafii ALOUMLIKI<br \/>\n<a href=\"http:\/\/aujourdhui.ma\/faits-divers\/rabat-un-septuagenaire-abuse-de-sa-fille-durant-8-ans\">Cliquez ici pour lire l&rsquo;article depuis sa source.<\/a><\/p>\n","protected":false},"excerpt":{"rendered":"<p>Un p\u00e8re de famille, \u00e2g\u00e9 de soixante-dix-sept ans, a \u00e9t\u00e9 arr\u00eat\u00e9, mercredi matin, par les \u00e9l\u00e9ments de la police judiciaire relevant de la pr\u00e9fecture de la s\u00fbret\u00e9 de Rabat, pour avoir abus\u00e9 de sa fille, \u00e2g\u00e9e de vingt-deux ans, durant huit ans. La jeune fille qui a fugu\u00e9 de chez elle, au quartier Annahda, \u00e0 [&hellip;]<\/p>\n","protected":false},"author":1759,"featured_media":0,"comment_status":"closed","ping_status":"closed","sticky":false,"template":"","format":"standard","meta":{"fifu_image_url":"","fifu_image_alt":"","footnotes":""},"categories":[73,54],"tags":[],"class_list":["post-27163","post","type-post","status-publish","format-standard","hentry","category-actualite","category-maroc"],"_links":{"self":[{"href":"https:\/\/linitiative.ca\/International\/wp-json\/wp\/v2\/posts\/27163","targetHints":{"allow":["GET"]}}],"collection":[{"href":"https:\/\/linitiative.ca\/International\/wp-json\/wp\/v2\/posts"}],"about":[{"href":"https:\/\/linitiative.ca\/International\/wp-json\/wp\/v2\/types\/post"}],"author":[{"embeddable":true,"href":"https:\/\/linitiative.ca\/International\/wp-json\/wp\/v2\/users\/1759"}],"replies":[{"embeddable":true,"href":"https:\/\/linitiative.ca\/International\/wp-json\/wp\/v2\/comments?post=27163"}],"version-history":[{"count":0,"href":"https:\/\/linitiative.ca\/International\/wp-json\/wp\/v2\/posts\/27163\/revisions"}],"wp:attachment":[{"href":"https:\/\/linitiative.ca\/International\/wp-json\/wp\/v2\/media?parent=27163"}],"wp:term":[{"taxonomy":"category","embeddable":true,"href":"https:\/\/linitiative.ca\/International\/wp-json\/wp\/v2\/categories?post=27163"},{"taxonomy":"post_tag","embeddable":true,"href":"https:\/\/linitiative.ca\/International\/wp-json\/wp\/v2\/tags?post=27163"}],"curies":[{"name":"wp","href":"https:\/\/api.w.org\/{rel}","templated":true}]}}